{"id":319430,"date":"2017-03-31T00:06:41","date_gmt":"2017-03-31T06:06:41","guid":{"rendered":"http:\/\/www.diarioimagen.net\/?p=319430"},"modified":"2017-03-31T05:25:26","modified_gmt":"2017-03-31T11:25:26","slug":"realizan-valoracion-optometrica-a-los-adultos-mayores-en-tultitlan","status":"publish","type":"post","link":"https:\/\/www.diarioimagen.net\/?p=319430","title":{"rendered":"Realizan valoraci\u00f3n optom\u00e9trica a los adultos mayores en Tultitl\u00e1n"},"content":{"rendered":"<ul>\n<li><strong><em>En coordinaci\u00f3n con el DIF Estado de M\u00e9xico<\/em><\/strong><\/li>\n<\/ul>\n<p>&nbsp;<\/p>\n<div id=\"attachment_319524\" style=\"width: 470px\" class=\"wp-caption aligncenter\"><a href=\"http:\/\/www.diarioimagen.net\/?attachment_id=319524\" rel=\"attachment wp-att-319524\"><img loading=\"lazy\" decoding=\"async\" aria-describedby=\"caption-attachment-319524\" class=\"size-large wp-image-319524\" src=\"http:\/\/www.diarioimagen.net\/wp-content\/uploads\/2017\/03\/TULTITLAN-3090-460x259.jpg\" alt=\"\" width=\"460\" height=\"259\" srcset=\"https:\/\/www.diarioimagen.net\/wp-content\/uploads\/2017\/03\/TULTITLAN-3090-460x259.jpg 460w, https:\/\/www.diarioimagen.net\/wp-content\/uploads\/2017\/03\/TULTITLAN-3090-240x135.jpg 240w, https:\/\/www.diarioimagen.net\/wp-content\/uploads\/2017\/03\/TULTITLAN-3090-235x132.jpg 235w, https:\/\/www.diarioimagen.net\/wp-content\/uploads\/2017\/03\/TULTITLAN-3090-202x114.jpg 202w, https:\/\/www.diarioimagen.net\/wp-content\/uploads\/2017\/03\/TULTITLAN-3090-350x196.jpg 350w, https:\/\/www.diarioimagen.net\/wp-content\/uploads\/2017\/03\/TULTITLAN-3090-220x123.jpg 220w, https:\/\/www.diarioimagen.net\/wp-content\/uploads\/2017\/03\/TULTITLAN-3090-237x132.jpg 237w, https:\/\/www.diarioimagen.net\/wp-content\/uploads\/2017\/03\/TULTITLAN-3090.jpg 480w\" sizes=\"auto, (max-width: 460px) 100vw, 460px\" \/><\/a><p id=\"caption-attachment-319524\" class=\"wp-caption-text\">Se realizaron m\u00e1s de 300 ex\u00e1menes optom\u00e9tricos al mismo n\u00famero de adultos mayores en el auditorio Sor Juana In\u00e9s de la Cruz.<\/p><\/div>\n<p>&nbsp;<\/p>\n<p><strong>Tultitl\u00e1n, Estado de M\u00e9xico<\/strong>.- Preocupados por los adultos mayores para elevar a calidad visual de los tultitlenses, el alcalde Jorge Ad\u00e1n Barr\u00f3n Elizalde, en coordinaci\u00f3n con el DIF Estado de M\u00e9xico, \u00d3pticas Devlyn y el Instituto Nacional de las Personas Adultas Mayores INAPAM, se realizaron m\u00e1s de 300 ex\u00e1menes optom\u00e9tricos al mismo n\u00famero de adultos mayores en el auditorio Sor Juana In\u00e9s de la Cruz.<\/p>\n<p>La finalidad de esta valoraci\u00f3n es apoyar a las personas de escasos recursos econ\u00f3micos y e situaci\u00f3n de vulnerabilidad.<\/p>\n<p>La presidenta honoraria del DIF, Karen S\u00e1mano, resalt\u00f3 que \u201cla importancia de llevar a los adultos de la tercera edad a estas revisiones es una prioridad para la actual administraci\u00f3n ya que la falta de visi\u00f3n afecta la calidad de vida de quien lo padece y la de sus familiares, es por ello que traemos estos beneficios a personas de la tercera edad porque son m\u00e1s vulnerables a perder la vista, porque es una enfermedad que en un inicio es absolutamente silenciosa, pero que en sus estados finales puede conducir a una p\u00e9rdida visual brusca, incluso llevando al paciente a la ceguera\u201d.<\/p>\n<p>Durante el acto los 300 beneficiados fueron canalizados para su valoraci\u00f3n de su examen optom\u00e9trico y posteriormente se har\u00e1 la entrega de lentes los cuales son totalmente gratuitos, esto gracias a la gesti\u00f3n que realiz\u00f3 el DIF municipal.<\/p>\n<p>Cabe resaltar que estos apoyos son coordinados por el DIF local con colaboraci\u00f3n del DIF estatal, \u00d3pticas Devlyn y el Instituto Nacional de las Personas Adultas Mayores INAPAM, esto como una forma permanente de fortalecimiento de los derechos de los adultos mayores, al tener acceso a \u00e9ste y otro tipo de oportunidades.<\/p>\n<p>Por otra parte, el programa adem\u00e1s mantiene chequeos regulares sobre el estado de salud visual de los adultos mayores con apoyo de profesionales de la oftalmolog\u00eda y optometr\u00eda.<\/p>\n<p>Finalmente, Martha Sosa agradeci\u00f3 a la administraci\u00f3n por brindarnos este apoyo y preocuparte en los tultitlenses de la tercera edad.<\/p>\n<h3><\/h3>\n","protected":false},"excerpt":{"rendered":"<p>Preocupados por los adultos mayores para elevar a calidad visual de los tultitlenses, el alcalde Jorge Ad\u00e1n Barr\u00f3n Elizalde, en coordinaci\u00f3n con el DIF Estado de M\u00e9xico, \u00d3pticas Devlyn y el Instituto Nacional de las Personas Adultas Mayores INAPAM, se realizaron m\u00e1s de 300 ex\u00e1menes optom\u00e9tricos al mismo n\u00famero de adultos mayores en el auditorio Sor Juana In\u00e9s de la Cruz.<\/p>\n","protected":false},"author":3,"featured_media":319524,"comment_status":"open","ping_status":"open","sticky":false,"template":"","format":"standard","meta":{"_monsterinsights_skip_tracking":false,"_monsterinsights_sitenote_active":false,"_monsterinsights_sitenote_note":"","_monsterinsights_sitenote_category":0,"footnotes":""},"categories":[35155],"tags":[43675,13491,578],"class_list":["post-319430","post","type-post","status-publish","format-standard","has-post-thumbnail","hentry","category-estado-de-mexico-estado-de-mexico","tag-estado-de-mexico","tag-sor-juana-ines-de-la-cruz","tag-tultitlan"],"_links":{"self":[{"href":"https:\/\/www.diarioimagen.net\/index.php?rest_route=\/wp\/v2\/posts\/319430","targetHints":{"allow":["GET"]}}],"collection":[{"href":"https:\/\/www.diarioimagen.net\/index.php?rest_route=\/wp\/v2\/posts"}],"about":[{"href":"https:\/\/www.diarioimagen.net\/index.php?rest_route=\/wp\/v2\/types\/post"}],"author":[{"embeddable":true,"href":"https:\/\/www.diarioimagen.net\/index.php?rest_route=\/wp\/v2\/users\/3"}],"replies":[{"embeddable":true,"href":"https:\/\/www.diarioimagen.net\/index.php?rest_route=%2Fwp%2Fv2%2Fcomments&post=319430"}],"version-history":[{"count":0,"href":"https:\/\/www.diarioimagen.net\/index.php?rest_route=\/wp\/v2\/posts\/319430\/revisions"}],"wp:featuredmedia":[{"embeddable":true,"href":"https:\/\/www.diarioimagen.net\/index.php?rest_route=\/wp\/v2\/media\/319524"}],"wp:attachment":[{"href":"https:\/\/www.diarioimagen.net\/index.php?rest_route=%2Fwp%2Fv2%2Fmedia&parent=319430"}],"wp:term":[{"taxonomy":"category","embeddable":true,"href":"https:\/\/www.diarioimagen.net\/index.php?rest_route=%2Fwp%2Fv2%2Fcategories&post=319430"},{"taxonomy":"post_tag","embeddable":true,"href":"https:\/\/www.diarioimagen.net\/index.php?rest_route=%2Fwp%2Fv2%2Ftags&post=319430"}],"curies":[{"name":"wp","href":"https:\/\/api.w.org\/{rel}","templated":true}]}}