{"id":319432,"date":"2017-03-31T00:05:59","date_gmt":"2017-03-31T06:05:59","guid":{"rendered":"http:\/\/www.diarioimagen.net\/?p=319432"},"modified":"2017-03-31T05:30:29","modified_gmt":"2017-03-31T11:30:29","slug":"inicia-repavimentacion-de-avenida-constitucion-en-cuautitlan-izcalli","status":"publish","type":"post","link":"https:\/\/www.diarioimagen.net\/?p=319432","title":{"rendered":"Inicia repavimentaci\u00f3n de avenida Constituci\u00f3n en Cuautitl\u00e1n Izcalli"},"content":{"rendered":"<ul>\n<li><strong><em>Recuperaci\u00f3n de m\u00e1s de 63 vialidades<\/em><\/strong><\/li>\n<\/ul>\n<p>&nbsp;<\/p>\n<div id=\"attachment_319527\" style=\"width: 470px\" class=\"wp-caption aligncenter\"><a href=\"http:\/\/www.diarioimagen.net\/?attachment_id=319527\" rel=\"attachment wp-att-319527\"><img loading=\"lazy\" decoding=\"async\" aria-describedby=\"caption-attachment-319527\" class=\"size-large wp-image-319527\" src=\"http:\/\/www.diarioimagen.net\/wp-content\/uploads\/2017\/03\/CUAUTITLAN-3090-460x259.jpg\" alt=\"\" width=\"460\" height=\"259\" srcset=\"https:\/\/www.diarioimagen.net\/wp-content\/uploads\/2017\/03\/CUAUTITLAN-3090-460x259.jpg 460w, https:\/\/www.diarioimagen.net\/wp-content\/uploads\/2017\/03\/CUAUTITLAN-3090-240x135.jpg 240w, https:\/\/www.diarioimagen.net\/wp-content\/uploads\/2017\/03\/CUAUTITLAN-3090-235x132.jpg 235w, https:\/\/www.diarioimagen.net\/wp-content\/uploads\/2017\/03\/CUAUTITLAN-3090-202x114.jpg 202w, https:\/\/www.diarioimagen.net\/wp-content\/uploads\/2017\/03\/CUAUTITLAN-3090-350x196.jpg 350w, https:\/\/www.diarioimagen.net\/wp-content\/uploads\/2017\/03\/CUAUTITLAN-3090-220x123.jpg 220w, https:\/\/www.diarioimagen.net\/wp-content\/uploads\/2017\/03\/CUAUTITLAN-3090-237x132.jpg 237w, https:\/\/www.diarioimagen.net\/wp-content\/uploads\/2017\/03\/CUAUTITLAN-3090.jpg 480w\" sizes=\"auto, (max-width: 460px) 100vw, 460px\" \/><\/a><p id=\"caption-attachment-319527\" class=\"wp-caption-text\">El alcalde V\u00edctor Estrada Garibay anunci\u00f3 que el pr\u00f3ximo 4 de abril iniciar\u00e1n las obras de repavimentaci\u00f3n de la avenida Constituci\u00f3n.<\/p><\/div>\n<p>&nbsp;<\/p>\n<p><strong>Cuautitl\u00e1n Izcalli, Estado de M\u00e9xico<\/strong>.- El alcalde de Cuautitl\u00e1n Izcalli, V\u00edctor Estrada Garibay, anunci\u00f3 que el pr\u00f3ximo 4 de abril iniciar\u00e1n las obras de repavimentaci\u00f3n de la avenida Constituci\u00f3n, la cual se incluye en las m\u00e1s de 63 vialidades que se recuperar\u00e1n en el municipio.<\/p>\n<p>Destac\u00f3 que alrededor de 60 kil\u00f3metros lineales de avenidas ser\u00e1n repavimentadas en Izcalli entre 2016 y 2017, independientemente de los trabajos de bacheo que tendr\u00e1n una inversi\u00f3n de 50 millones de pesos. \u201cFalta mucho por hacer, pero el avance en este tema ahora s\u00ed ser\u00e1 notorio en la demarcaci\u00f3n\u201d.<\/p>\n<p>Detall\u00f3 que la primera etapa de rehabilitaci\u00f3n de la Constituci\u00f3n, ser\u00e1 de la plaza comercial Luna Park hasta el estadio Hugo S\u00e1nchez, por lo que pronto se dar\u00e1n a conocer los cortes y alternativas viales de circulaci\u00f3n;\u00a0 pidi\u00f3 consideraci\u00f3n y paciencia a los habitantes de la zona durante la ejecuci\u00f3n de los trabajos.<\/p>\n<p>En el marco de la segunda etapa, la obra comprender\u00e1 la repavimentaci\u00f3n de la calle R\u00edo Bacabachi, en Colinas del Lago, y el sentido de regreso de la vialidad primaria Constituci\u00f3n.<\/p>\n<p>\u201cOtras obras importantes son otra avenida, banquetas y jardineras en El Jacal, adem\u00e1s de la ampliaci\u00f3n del andador de Constituci\u00f3n hacia El Jacal para crear un circuito escolar. Vamos a pavimentar tambi\u00e9n la avenida Primero de Mayo, todas las avenidas alrededor de la FES Campus Uno, en Lomas de Cuautitl\u00e1n, Xhala y muchas m\u00e1s en las zonas norte-centro, sur y poniente de la demarcaci\u00f3n\u201d.<\/p>\n<p>En gira de trabajo, V\u00edctor Estrada inaugur\u00f3 un arcotecho en la primaria \u201cAcamapichtli\u201d, en Claustros de San Miguel y otro m\u00e1s en el jard\u00edn de ni\u00f1os \u201cTihui\u201d, en Valle de la Hacienda, con lo que suman 17 techumbres de gran calidad construidas en escuelas p\u00fablicas de Izcalli.<\/p>\n<p>&nbsp;<\/p>\n","protected":false},"excerpt":{"rendered":"<p>El alcalde de Cuautitl\u00e1n Izcalli, V\u00edctor Estrada Garibay, anunci\u00f3 que el pr\u00f3ximo 4 de abril iniciar\u00e1n las obras de repavimentaci\u00f3n de la avenida Constituci\u00f3n, la cual se incluye en las m\u00e1s de 63 vialidades que se recuperar\u00e1n en el municipio.<\/p>\n","protected":false},"author":3,"featured_media":319527,"comment_status":"open","ping_status":"open","sticky":false,"template":"","format":"standard","meta":{"_monsterinsights_skip_tracking":false,"_monsterinsights_sitenote_active":false,"_monsterinsights_sitenote_note":"","_monsterinsights_sitenote_category":0,"footnotes":""},"categories":[35155],"tags":[971,43675,26045],"class_list":["post-319432","post","type-post","status-publish","format-standard","has-post-thumbnail","hentry","category-estado-de-mexico-estado-de-mexico","tag-cuautitlan-izcalli","tag-estado-de-mexico","tag-repavimentacion"],"_links":{"self":[{"href":"https:\/\/www.diarioimagen.net\/index.php?rest_route=\/wp\/v2\/posts\/319432","targetHints":{"allow":["GET"]}}],"collection":[{"href":"https:\/\/www.diarioimagen.net\/index.php?rest_route=\/wp\/v2\/posts"}],"about":[{"href":"https:\/\/www.diarioimagen.net\/index.php?rest_route=\/wp\/v2\/types\/post"}],"author":[{"embeddable":true,"href":"https:\/\/www.diarioimagen.net\/index.php?rest_route=\/wp\/v2\/users\/3"}],"replies":[{"embeddable":true,"href":"https:\/\/www.diarioimagen.net\/index.php?rest_route=%2Fwp%2Fv2%2Fcomments&post=319432"}],"version-history":[{"count":0,"href":"https:\/\/www.diarioimagen.net\/index.php?rest_route=\/wp\/v2\/posts\/319432\/revisions"}],"wp:featuredmedia":[{"embeddable":true,"href":"https:\/\/www.diarioimagen.net\/index.php?rest_route=\/wp\/v2\/media\/319527"}],"wp:attachment":[{"href":"https:\/\/www.diarioimagen.net\/index.php?rest_route=%2Fwp%2Fv2%2Fmedia&parent=319432"}],"wp:term":[{"taxonomy":"category","embeddable":true,"href":"https:\/\/www.diarioimagen.net\/index.php?rest_route=%2Fwp%2Fv2%2Fcategories&post=319432"},{"taxonomy":"post_tag","embeddable":true,"href":"https:\/\/www.diarioimagen.net\/index.php?rest_route=%2Fwp%2Fv2%2Ftags&post=319432"}],"curies":[{"name":"wp","href":"https:\/\/api.w.org\/{rel}","templated":true}]}}