{"id":319445,"date":"2017-03-31T00:14:58","date_gmt":"2017-03-31T06:14:58","guid":{"rendered":"http:\/\/www.diarioimagen.net\/?p=319445"},"modified":"2017-03-31T05:51:13","modified_gmt":"2017-03-31T11:51:13","slug":"quiere-amnistia-internacional-verificar-las-condiciones-de-el-chapo","status":"publish","type":"post","link":"https:\/\/www.diarioimagen.net\/?p=319445","title":{"rendered":"Quiere Amnist\u00eda Internacional verificar las condiciones de \u201cEl Chapo\u201d"},"content":{"rendered":"<ul>\n<li><strong><em>Fiscales de Nueva York afirman que recibe trato apropiado<\/em><\/strong><\/li>\n<\/ul>\n<p>&nbsp;<\/p>\n<div id=\"attachment_319545\" style=\"width: 470px\" class=\"wp-caption aligncenter\"><a href=\"http:\/\/www.diarioimagen.net\/?attachment_id=319545\" rel=\"attachment wp-att-319545\"><img loading=\"lazy\" decoding=\"async\" aria-describedby=\"caption-attachment-319545\" class=\"size-large wp-image-319545\" src=\"http:\/\/www.diarioimagen.net\/wp-content\/uploads\/2017\/03\/CHAPO-3090-460x259.jpg\" alt=\"\" width=\"460\" height=\"259\" srcset=\"https:\/\/www.diarioimagen.net\/wp-content\/uploads\/2017\/03\/CHAPO-3090-460x259.jpg 460w, https:\/\/www.diarioimagen.net\/wp-content\/uploads\/2017\/03\/CHAPO-3090-240x135.jpg 240w, https:\/\/www.diarioimagen.net\/wp-content\/uploads\/2017\/03\/CHAPO-3090-235x132.jpg 235w, https:\/\/www.diarioimagen.net\/wp-content\/uploads\/2017\/03\/CHAPO-3090-202x114.jpg 202w, https:\/\/www.diarioimagen.net\/wp-content\/uploads\/2017\/03\/CHAPO-3090-350x196.jpg 350w, https:\/\/www.diarioimagen.net\/wp-content\/uploads\/2017\/03\/CHAPO-3090-220x123.jpg 220w, https:\/\/www.diarioimagen.net\/wp-content\/uploads\/2017\/03\/CHAPO-3090-237x132.jpg 237w, https:\/\/www.diarioimagen.net\/wp-content\/uploads\/2017\/03\/CHAPO-3090.jpg 480w\" sizes=\"auto, (max-width: 460px) 100vw, 460px\" \/><\/a><p id=\"caption-attachment-319545\" class=\"wp-caption-text\">Un directivo de AI pide acceso al ala de alta seguridad de la prisi\u00f3n en Nueva York donde est\u00e1 recluido Joaqu\u00edn \u201cEl Chapo\u201d Guzm\u00e1n.<\/p><\/div>\n<p>&nbsp;<\/p>\n<p>Amnist\u00eda Internacional busca entrevistar a Joaqu\u00edn \u201cEl Chapo\u201d Guzm\u00e1n luego de que su defensa difundiera que el narcotraficante mexicano sufre maltratos en la prisi\u00f3n de alta seguridad donde se encuentra recluido en Nueva York.<\/p>\n<p>El grupo defensor de los derechos humanos \u00abest\u00e1 preocupado de que las condiciones impuestas (a Guzm\u00e1n) al parecer son innecesariamente severas y violan las normas internacionales a favor de un trato humano\u00bb, escribi\u00f3 Justin Mazzola, integrante del organismo internacional, en una carta dirigida a la fiscal\u00eda federal en Brooklyn que lleva el caso federal contra el acusado.<\/p>\n<p>Mazzola pretende que se le permita el acceso al Centro Correccional Metropolitano, en el sur de Manhattan, debido a las versiones difundidas en la prensa de que la salud de \u2018El Chapo\u2019 se ha deteriorado desde que lo extraditaron a Estados Unidos en enero.<\/p>\n<p>La fiscal\u00eda estadunidense declin\u00f3 hacer declaraciones sobre el tema, pero Amnist\u00eda Internacional apunta a que las autoridades buscan presionar a Guzm\u00e1n para que responda a las acusaciones de que dirig\u00eda una red narcotr\u00e1fico internacional y es responsable de homicidios y secuestros.<\/p>\n<p>La petici\u00f3n de Amnist\u00eda Internacional surgi\u00f3 tras las quejas que los abogados de Guzm\u00e1n presentaron sobre las condiciones de la Unidad Especial de Reclusi\u00f3n, donde los presos pasan 23 horas al d\u00eda en celdas de 6 por 3.7 metros y se les proh\u00edbe comunicarse unos con otros.<\/p>\n<p>Antes, la unidad ha recluido a presos prominentes de alto riesgo como el jefe de la familia delictiva Gambino, John Gotti, y varios ex colaboradores del terrorista Osama Bin Laden.<\/p>\n<p>En documentos presentados ante un tribunal, la defensa afirma que un trastorno de ansiedad que le comenz\u00f3 a Guzm\u00e1n durante su encarcelamiento en M\u00e9xico se ha agravado al punto de que \u00abtiene dificultades para respirar, le duele la garganta y sufre de dolores de cabeza\u00bb.<\/p>\n<p>La defensa tambi\u00e9n se\u00f1al\u00f3 que Guzm\u00e1n sufre \u00abalucinaciones auditivas, y se queja de escuchar m\u00fasica en su celda incluso si tiene la radio apagada\u00bb.<\/p>\n<p>El gobierno estadunidense afirma que las condiciones de reclusi\u00f3n de Guzm\u00e1n son las apropiadas para alguien que escap\u00f3 en dos ocasiones de la c\u00e1rcel en M\u00e9xico, una de ellas por un t\u00fanel abierto en la regadera de su celda.<\/p>\n<p>Los fiscales aseguran que a\u00fan cuando Guzm\u00e1n estaba tras las rejas en M\u00e9xico utilizaba mensajes en c\u00f3digo, sobornos y otros medios para seguir controlando al c\u00e1rtel de Sinaloa y orquestar evasiones.<\/p>\n<p>Despu\u00e9s de un examen, el psic\u00f3logo de la prisi\u00f3n dijo que Guzm\u00e1n escuch\u00f3 la radio que ten\u00eda encendida un miembro del personal, seg\u00fan los fiscales.<\/p>\n<p>La controversia sobre la radio persisti\u00f3 en los documentos m\u00e1s recientes de la defensa. Los abogados respondieron que \u00aba menos que la radio toque m\u00fasica mexicana, el se\u00f1or Guzm\u00e1n escucha sonidos inexistentes\u00bb.<\/p>\n<p>&nbsp;<\/p>\n","protected":false},"excerpt":{"rendered":"<p>Amnist\u00eda Internacional busca entrevistar a Joaqu\u00edn \u201cEl Chapo\u201d Guzm\u00e1n luego de que su defensa difundiera que el narcotraficante mexicano sufre maltratos en la prisi\u00f3n de alta seguridad donde se encuentra recluido en Nueva York.<\/p>\n","protected":false},"author":3,"featured_media":319545,"comment_status":"open","ping_status":"open","sticky":false,"template":"","format":"standard","meta":{"_monsterinsights_skip_tracking":false,"_monsterinsights_sitenote_active":false,"_monsterinsights_sitenote_note":"","_monsterinsights_sitenote_category":0,"footnotes":""},"categories":[7],"tags":[11650,2765,942],"class_list":["post-319445","post","type-post","status-publish","format-standard","has-post-thumbnail","hentry","category-seguridad","tag-amnistia-internacional","tag-joaquin-el-chapo-guzman-loera","tag-nueva-york"],"_links":{"self":[{"href":"https:\/\/www.diarioimagen.net\/index.php?rest_route=\/wp\/v2\/posts\/319445","targetHints":{"allow":["GET"]}}],"collection":[{"href":"https:\/\/www.diarioimagen.net\/index.php?rest_route=\/wp\/v2\/posts"}],"about":[{"href":"https:\/\/www.diarioimagen.net\/index.php?rest_route=\/wp\/v2\/types\/post"}],"author":[{"embeddable":true,"href":"https:\/\/www.diarioimagen.net\/index.php?rest_route=\/wp\/v2\/users\/3"}],"replies":[{"embeddable":true,"href":"https:\/\/www.diarioimagen.net\/index.php?rest_route=%2Fwp%2Fv2%2Fcomments&post=319445"}],"version-history":[{"count":0,"href":"https:\/\/www.diarioimagen.net\/index.php?rest_route=\/wp\/v2\/posts\/319445\/revisions"}],"wp:featuredmedia":[{"embeddable":true,"href":"https:\/\/www.diarioimagen.net\/index.php?rest_route=\/wp\/v2\/media\/319545"}],"wp:attachment":[{"href":"https:\/\/www.diarioimagen.net\/index.php?rest_route=%2Fwp%2Fv2%2Fmedia&parent=319445"}],"wp:term":[{"taxonomy":"category","embeddable":true,"href":"https:\/\/www.diarioimagen.net\/index.php?rest_route=%2Fwp%2Fv2%2Fcategories&post=319445"},{"taxonomy":"post_tag","embeddable":true,"href":"https:\/\/www.diarioimagen.net\/index.php?rest_route=%2Fwp%2Fv2%2Ftags&post=319445"}],"curies":[{"name":"wp","href":"https:\/\/api.w.org\/{rel}","templated":true}]}}