{"id":319827,"date":"2017-04-04T00:10:29","date_gmt":"2017-04-04T05:10:29","guid":{"rendered":"http:\/\/www.diarioimagen.net\/?p=319827"},"modified":"2017-04-04T06:09:37","modified_gmt":"2017-04-04T11:09:37","slug":"llamado-a-respetar-la-veda","status":"publish","type":"post","link":"https:\/\/www.diarioimagen.net\/?p=319827","title":{"rendered":"Llamado a respetar la veda"},"content":{"rendered":"<h2>Arco Norte<\/h2>\n<h5>Jos\u00e9 Luis Monta\u00f1ez Aguilar<\/h5>\n<p>&nbsp;<\/p>\n<p>Eruviel \u00c1vila reiter\u00f3 que la administraci\u00f3n estatal respetar\u00e1 la normatividad electoral para que los comicios del 4 de junio sean limpios, transparentes y con equidad, adem\u00e1s de que ser\u00e1 un promotor para hacer cumplir la ley y continuar gobernando para servir a la gente con imparcialidad.<\/p>\n<p>Inform\u00f3 que quedan canceladas las entregas p\u00fablicas de apoyos, pero son 67 programas\u00a0 estatales y municipales que seguir\u00e1n operando en la entidad, como becas para estudiantes con ceguera, as\u00ed como los destinados\u00a0 al campo y la alimentaci\u00f3n a favor de la ni\u00f1ez, entre otros, los cuales fueron autorizados por decreto de la legislatura local.<\/p>\n<p>Tambi\u00e9n dio a conocer que invitar\u00e1 a los miembros de las instituciones electorales para que revisen el cierre de bodegas y los lugares donde se depositan veh\u00edculos oficiales; e invit\u00f3 a\u00a0 los 125 alcaldes mexiquenses a respetar la ley electoral.<\/p>\n<p>Cabe se\u00f1alar que, el mandatario estatal y el secretario de Gobernaci\u00f3n, Miguel \u00c1ngel Osorio Chong, asistieron al Encuentro Nacional de Presidentes Municipales, donde reconocieron el trabajo de la Fenamm, e insistieron el seguir trabajando en conjunto con las autoridades municipales, al estar m\u00e1s cerca de la poblaci\u00f3n.<\/p>\n<p>Por lo que expresaron su apoyo para impulsar una reforma que fortalezca la actividad de las autoridades municipales y puedan cumplir con m\u00e1s eficacia a la poblaci\u00f3n.<\/p>\n<p style=\"text-align: center;\"><strong>Atienden incendio forestal en Texcoco<\/strong><\/p>\n<p><a href=\"http:\/\/www.diarioimagen.net\/?attachment_id=319973\" rel=\"attachment wp-att-319973\"><img loading=\"lazy\" decoding=\"async\" class=\"aligncenter size-large wp-image-319973\" src=\"http:\/\/www.diarioimagen.net\/wp-content\/uploads\/2017\/04\/incendio-3092-460x259.jpg\" alt=\"\" width=\"460\" height=\"259\" srcset=\"https:\/\/www.diarioimagen.net\/wp-content\/uploads\/2017\/04\/incendio-3092-460x259.jpg 460w, https:\/\/www.diarioimagen.net\/wp-content\/uploads\/2017\/04\/incendio-3092-240x135.jpg 240w, https:\/\/www.diarioimagen.net\/wp-content\/uploads\/2017\/04\/incendio-3092-235x132.jpg 235w, https:\/\/www.diarioimagen.net\/wp-content\/uploads\/2017\/04\/incendio-3092-202x114.jpg 202w, https:\/\/www.diarioimagen.net\/wp-content\/uploads\/2017\/04\/incendio-3092-350x196.jpg 350w, https:\/\/www.diarioimagen.net\/wp-content\/uploads\/2017\/04\/incendio-3092-220x123.jpg 220w, https:\/\/www.diarioimagen.net\/wp-content\/uploads\/2017\/04\/incendio-3092-237x132.jpg 237w, https:\/\/www.diarioimagen.net\/wp-content\/uploads\/2017\/04\/incendio-3092.jpg 480w\" sizes=\"auto, (max-width: 460px) 100vw, 460px\" \/><\/a><\/p>\n<p>&nbsp;<\/p>\n<p>El gobierno del Estado de M\u00e9xico, a trav\u00e9s de la Protectora de Bosques de la entidad (Probosque), trabaja para sofocar un incendio registrado en la comunidad de Cuautlalpan, en donde tambi\u00e9n se cuenta con el apoyo de voluntarios y brigadistas de la Comisi\u00f3n Nacional Forestal. De acuerdo con personal de Probosque, en la zona operan 150 combatientes trabajando en la creaci\u00f3n de brechas cortafuego y tratando de sofocar las llamas, para evitar que \u00e9stas se extiendan, sin embargo, las fuertes corrientes de viento han impedido que al momento el incendio pueda ser controlado.<\/p>\n<p>Personal del Grupo Rel\u00e1mpagos se encuentra listo para que una vez que las condiciones climatol\u00f3gicoas lo permitan, sumarse a las accionas de combate a la conflagraci\u00f3n.<\/p>\n<p><em><a href=\"mailto:montanezaguilar@gmail.com\" target=\"_blank\">montanezaguilar@gmail.com<\/a><\/em><\/p>\n","protected":false},"excerpt":{"rendered":"<p><span style=\"color: #005497;\">Jos\u00e9 Luis Monta\u00f1ez Aguilar<\/span><br \/>\n<br \/>\nEruviel \u00c1vila reiter\u00f3 que la administraci\u00f3n estatal respetar\u00e1 la normatividad electoral para que los comicios del 4 de junio sean limpios, transparentes y con equidad, adem\u00e1s de que ser\u00e1 un promotor para hacer cumplir la ley y continuar gobernando para servir a la gente con imparcialidad.<\/p>\n","protected":false},"author":3,"featured_media":319973,"comment_status":"open","ping_status":"open","sticky":false,"template":"","format":"standard","meta":{"_monsterinsights_skip_tracking":false,"_monsterinsights_sitenote_active":false,"_monsterinsights_sitenote_note":"","_monsterinsights_sitenote_category":0,"footnotes":""},"categories":[5],"tags":[13284,43704,43674],"class_list":["post-319827","post","type-post","status-publish","format-standard","has-post-thumbnail","hentry","category-estado-de-mexico","tag-arco-norte","tag-jose-luis-montanez-aguilar","tag-opinion"],"_links":{"self":[{"href":"https:\/\/www.diarioimagen.net\/index.php?rest_route=\/wp\/v2\/posts\/319827","targetHints":{"allow":["GET"]}}],"collection":[{"href":"https:\/\/www.diarioimagen.net\/index.php?rest_route=\/wp\/v2\/posts"}],"about":[{"href":"https:\/\/www.diarioimagen.net\/index.php?rest_route=\/wp\/v2\/types\/post"}],"author":[{"embeddable":true,"href":"https:\/\/www.diarioimagen.net\/index.php?rest_route=\/wp\/v2\/users\/3"}],"replies":[{"embeddable":true,"href":"https:\/\/www.diarioimagen.net\/index.php?rest_route=%2Fwp%2Fv2%2Fcomments&post=319827"}],"version-history":[{"count":0,"href":"https:\/\/www.diarioimagen.net\/index.php?rest_route=\/wp\/v2\/posts\/319827\/revisions"}],"wp:featuredmedia":[{"embeddable":true,"href":"https:\/\/www.diarioimagen.net\/index.php?rest_route=\/wp\/v2\/media\/319973"}],"wp:attachment":[{"href":"https:\/\/www.diarioimagen.net\/index.php?rest_route=%2Fwp%2Fv2%2Fmedia&parent=319827"}],"wp:term":[{"taxonomy":"category","embeddable":true,"href":"https:\/\/www.diarioimagen.net\/index.php?rest_route=%2Fwp%2Fv2%2Fcategories&post=319827"},{"taxonomy":"post_tag","embeddable":true,"href":"https:\/\/www.diarioimagen.net\/index.php?rest_route=%2Fwp%2Fv2%2Ftags&post=319827"}],"curies":[{"name":"wp","href":"https:\/\/api.w.org\/{rel}","templated":true}]}}