{"id":320127,"date":"2017-04-05T00:04:43","date_gmt":"2017-04-05T05:04:43","guid":{"rendered":"http:\/\/www.diarioimagen.net\/?p=320127"},"modified":"2017-04-05T05:21:52","modified_gmt":"2017-04-05T10:21:52","slug":"niegan-fianza-al-ex-fiscal-de-nayarit-acusado-de-narco","status":"publish","type":"post","link":"https:\/\/www.diarioimagen.net\/?p=320127","title":{"rendered":"Niegan fianza al ex fiscal de Nayarit acusado de narco"},"content":{"rendered":"<ul>\n<li><strong><em>Ser\u00eda trasladarlo a la ciudad de Nueva York para enfrentar cargos<\/em><\/strong><\/li>\n<\/ul>\n<p>&nbsp;<\/p>\n<div id=\"attachment_320218\" style=\"width: 470px\" class=\"wp-caption aligncenter\"><a href=\"http:\/\/www.diarioimagen.net\/?attachment_id=320218\" rel=\"attachment wp-att-320218\"><img loading=\"lazy\" decoding=\"async\" aria-describedby=\"caption-attachment-320218\" class=\"size-large wp-image-320218\" src=\"http:\/\/www.diarioimagen.net\/wp-content\/uploads\/2017\/04\/narco-3093-460x259.jpg\" alt=\"\" width=\"460\" height=\"259\" srcset=\"https:\/\/www.diarioimagen.net\/wp-content\/uploads\/2017\/04\/narco-3093-460x259.jpg 460w, https:\/\/www.diarioimagen.net\/wp-content\/uploads\/2017\/04\/narco-3093-240x135.jpg 240w, https:\/\/www.diarioimagen.net\/wp-content\/uploads\/2017\/04\/narco-3093-235x132.jpg 235w, https:\/\/www.diarioimagen.net\/wp-content\/uploads\/2017\/04\/narco-3093-202x114.jpg 202w, https:\/\/www.diarioimagen.net\/wp-content\/uploads\/2017\/04\/narco-3093-350x196.jpg 350w, https:\/\/www.diarioimagen.net\/wp-content\/uploads\/2017\/04\/narco-3093-220x123.jpg 220w, https:\/\/www.diarioimagen.net\/wp-content\/uploads\/2017\/04\/narco-3093-237x132.jpg 237w, https:\/\/www.diarioimagen.net\/wp-content\/uploads\/2017\/04\/narco-3093.jpg 480w\" sizes=\"auto, (max-width: 460px) 100vw, 460px\" \/><\/a><p id=\"caption-attachment-320218\" class=\"wp-caption-text\">Edgar Veytia, ex fiscal de Nayarit, permanecer\u00e1 encarcelado en San Diego, California.<\/p><\/div>\n<p>&nbsp;<\/p>\n<p>El ex fiscal general del estado de Nayarit, Edgar Veytia, permanecer\u00e1 encarcelado en San Diego hasta que se determine en una audiencia si las autoridades federales pueden trasladarlo a la ciudad de Nueva York para enfrentar cargos por tr\u00e1fico de drogas.<\/p>\n<p>Edgar Veytia tuvo una breve comparecencia en la Corte Federal de San Diego, donde se le orden\u00f3 que permaneciera tras las rejas sin derecho a fianza.<\/p>\n<p>Veytia, de 46 a\u00f1os, fue arrestado la semana pasada despu\u00e9s que agentes de la Patrulla Fronteriza lo detuvieron en el cruce entre M\u00e9xico y Estados Unidos y cotejaron su nombre en una base de datos, se\u00f1al\u00f3 su abogado de California, Guadalupe Valencia. Los agentes descubrieron que hab\u00eda una orden de arresto por una acusaci\u00f3n presentada en una Corte Federal en Brooklyn, detall\u00f3 Valencia.<\/p>\n<p>Funcionarios federales dijeron que Veytia cay\u00f3 bajo sospecha durante una investigaci\u00f3n al c\u00e1rtel de los Beltr\u00e1n Leyva, organizaci\u00f3n que alguna vez fue facci\u00f3n del C\u00e1rtel de Sinaloa de Joaqu\u00edn \u201cEl Chapo\u201d Guzm\u00e1n, con quien posteriormente entr\u00f3 en conflicto.<\/p>\n<p>Uno de los l\u00edderes del grupo narcotraficante, Alfredo \u201cMochomo\u201d Beltr\u00e1n Leyva, est\u00e1 en espera de ser sentenciado tras declararse culpable en febrero en una Corte en Washington, D.C., a las acusaciones de que su c\u00e1rtel contrabande\u00f3 coca\u00edna y metanfetamina a Estados Unidos en una operaci\u00f3n de miles de millones de d\u00f3lares.<\/p>\n<p>Un acta abierta ayer en un tribunal federal en Brooklyn acusa a Veytia de conspiraci\u00f3n para contrabandear coca\u00edna, hero\u00edna y metanfetamina a Estados Unidos desde enero de 2013 al mes pasado. Guzm\u00e1n est\u00e1 siendo procesado en la misma Corte despu\u00e9s de su extradici\u00f3n desde M\u00e9xico en enero.<\/p>\n<p>\u201cDebemos otorgarle la presunci\u00f3n de inocencia como a todos los dem\u00e1s\u201d, dijo Valencia.<\/p>\n<p>La siguiente comparecencia de Veytia en la Corte fue agendada para el jueves 6 de abril.<\/p>\n<p>&nbsp;<\/p>\n","protected":false},"excerpt":{"rendered":"<p>El ex fiscal general del estado de Nayarit, Edgar Veytia, permanecer\u00e1 encarcelado en San Diego hasta que se determine en una audiencia si las autoridades federales pueden trasladarlo a la ciudad de Nueva York para enfrentar cargos por tr\u00e1fico de drogas.<\/p>\n","protected":false},"author":3,"featured_media":320218,"comment_status":"open","ping_status":"open","sticky":false,"template":"","format":"standard","meta":{"_monsterinsights_skip_tracking":false,"_monsterinsights_sitenote_active":false,"_monsterinsights_sitenote_note":"","_monsterinsights_sitenote_category":0,"footnotes":""},"categories":[7],"tags":[177,52048,1216,2663],"class_list":["post-320127","post","type-post","status-publish","format-standard","has-post-thumbnail","hentry","category-seguridad","tag-estados-unidos","tag-fiscal","tag-narcotrafico","tag-nayarit"],"_links":{"self":[{"href":"https:\/\/www.diarioimagen.net\/index.php?rest_route=\/wp\/v2\/posts\/320127","targetHints":{"allow":["GET"]}}],"collection":[{"href":"https:\/\/www.diarioimagen.net\/index.php?rest_route=\/wp\/v2\/posts"}],"about":[{"href":"https:\/\/www.diarioimagen.net\/index.php?rest_route=\/wp\/v2\/types\/post"}],"author":[{"embeddable":true,"href":"https:\/\/www.diarioimagen.net\/index.php?rest_route=\/wp\/v2\/users\/3"}],"replies":[{"embeddable":true,"href":"https:\/\/www.diarioimagen.net\/index.php?rest_route=%2Fwp%2Fv2%2Fcomments&post=320127"}],"version-history":[{"count":0,"href":"https:\/\/www.diarioimagen.net\/index.php?rest_route=\/wp\/v2\/posts\/320127\/revisions"}],"wp:featuredmedia":[{"embeddable":true,"href":"https:\/\/www.diarioimagen.net\/index.php?rest_route=\/wp\/v2\/media\/320218"}],"wp:attachment":[{"href":"https:\/\/www.diarioimagen.net\/index.php?rest_route=%2Fwp%2Fv2%2Fmedia&parent=320127"}],"wp:term":[{"taxonomy":"category","embeddable":true,"href":"https:\/\/www.diarioimagen.net\/index.php?rest_route=%2Fwp%2Fv2%2Fcategories&post=320127"},{"taxonomy":"post_tag","embeddable":true,"href":"https:\/\/www.diarioimagen.net\/index.php?rest_route=%2Fwp%2Fv2%2Ftags&post=320127"}],"curies":[{"name":"wp","href":"https:\/\/api.w.org\/{rel}","templated":true}]}}