{"id":320154,"date":"2017-04-05T00:02:57","date_gmt":"2017-04-05T05:02:57","guid":{"rendered":"http:\/\/www.diarioimagen.net\/?p=320154"},"modified":"2017-04-05T03:24:03","modified_gmt":"2017-04-05T08:24:03","slug":"millennials-concursaran-en-mexico-y-el-extranjero","status":"publish","type":"post","link":"https:\/\/www.diarioimagen.net\/?p=320154","title":{"rendered":"\u201cMillennials\u201d concursar\u00e1n en M\u00e9xico y el extranjero"},"content":{"rendered":"<h2>\u201cHora 14\u201d<\/h2>\n<h5>Mauricio Conde Olivares<\/h5>\n<p>&nbsp;<\/p>\n<p>La creatividad de las nuevas generaciones ser\u00e1 puesta a prueba en sendos concursos dirigidos a los \u201cMillennials\u201d por parte del Banco Interamericano de Desarrollo (BID) y el Miami Dade College (MDC), as\u00ed como por una iniciativa de la empresa mexicana de pinturas Comex.<\/p>\n<p>Les recuerdo que los \u201cMillennials\u201d dan forma y a la vez son formados por el mundo laboral.<\/p>\n<p>Esta generaci\u00f3n est\u00e1 redefiniendo la relaci\u00f3n empleador-empleado, por lo que Comex, la empresa l\u00edder en pinturas en M\u00e9xico, busca enfocar sus esfuerzos para potenciar las cualidades profesionales que rigen a esta generaci\u00f3n.<\/p>\n<p>Si bien la generaci\u00f3n \u201cMillenials\u201d lleva como estandarte el \u201cPuedo hacerlo, lo har\u00e9\u201d, de acuerdo a los estudios realizados por Manpower Group sobre este segmento de la poblaci\u00f3n, el 85% de los \u201cMillennials\u201d mexicanos encuestados se declara optimista sobre sus perspectivas inmediatas de trabajo y 73% conf\u00eda en que si pierde su principal fuente de ingreso, en un lapso de tres meses puede encontrar un trabajo igual o mejor.<\/p>\n<p>La OIT (Organizaci\u00f3n Internacional del Trabajo) estima que el desempleo mundial aumentar\u00e1 en 3.4 millones en 2017.<\/p>\n<p>Con el programa Comex Trends Universitarios, Comex busca dirigirse a los j\u00f3venes de 18 y 29 a\u00f1os de edad que tienen gran capacidad de comunicaci\u00f3n, engagement con marcas y son nativos digitales a participar en la elaboraci\u00f3n de un espacio o pieza art\u00edstica en alguna de las siguientes categor\u00edas: espacios, objetos, arte\/dise\u00f1o, sociedad y color del a\u00f1o.<\/p>\n<p>Los j\u00f3venes estudiantes que participen en Comex Trends Universitarios contar\u00e1n con capacitaci\u00f3n profesional en cada una de las siete ciudades en las que se encuentran las principales universidades del pa\u00eds:<\/p>\n<p>CDMX (2 y 3 de mayo), Monterrey (23 y 24 de marzo), Guadalajara (21 y 22 de marzo), Veracruz (25 y 26 de abril), Quer\u00e9taro (15 y 16 de marzo), M\u00e9rida (1 y 2 de Marzo) y Puebla, a trav\u00e9s de macro talleres y conferencias impartidas por m\u00e1ximos exponentes art\u00edsticos y creativos de nuestro pa\u00eds, tales como: Laura Noriega y Emiliano Godoy.<\/p>\n<p>\u201cPara tener un panorama positivo en la vida profesional, es una necesidad que los j\u00f3venes mexicanos se preocupen por poner en pr\u00e1ctica sus conocimientos mediante pr\u00e1cticas profesionales y actividades extracurriculares, sin olvidar la vinculaci\u00f3n con la iniciativa privada.<\/p>\n<p>En Comex nos importa el talento mexicano, es por ello que mediante Comex Trends Universitarios buscamos apoyar a los j\u00f3venes creativos mexicanos para que la comunidad art\u00edstica y creativa de nuestro pa\u00eds crezca y mediante el color nos ayuden a seguir embelleciendo cada espacio de nuestra vida\u201d, declar\u00f3 Javier Sosa, Director de Mercadotecnia en PPG Comex.<\/p>\n<p>El programa Comex Trends Universitarios vive de febrero a mayo del presente a\u00f1o, mediante distintas actividades culturales con el objetivo de encontrar a los creativos universitarios mexicanos que ser\u00e1n ganadores de premios en los que adem\u00e1s se incluye la proyecci\u00f3n profesional de su talento a nivel nacional.<\/p>\n<p>Para mayor informaci\u00f3n acerca de esta iniciativa, dar click en: http:\/\/www.comextrendsconcurso.com.mx<\/p>\n<p>Por su parte, el Banco Interamericano de Desarrollo (BID) y el Miami Dade College (MDC) dieron a conocer la convocatoria para seleccionar a las startups m\u00e1s innovadoras de las industrias creativas y culturales, lo que en el BID llaman la Econom\u00eda Naranja.<\/p>\n<p>La fecha l\u00edmite para postular es el pr\u00f3ximo jueves 4 de mayo hasta las 17:59 horas (horario del Este).<\/p>\n<p>Idear Soluciones Miami se llevar\u00e1 a cabo en el Campus Wolfson del Miami Dade College y ser\u00e1 la oportunidad para conocer a las 12 mejores startups de Am\u00e9rica Latina y el Caribe, adem\u00e1s de las 5 m\u00e1s innovadoras del sur de la Florida. Las startups deben tener un producto o una soluci\u00f3n innovadora que mejore vidas en las siguientes categor\u00edas:<\/p>\n<p><strong>DISE\u00d1O CON SENTIDO SOCIAL:<\/strong> urbano, de interiores e industrial. Artes gr\u00e1ficas, ilustraci\u00f3n y juguetes. Tecnolog\u00eda usable, Accesibilidad y expresi\u00f3n de la identidad cultural. Co-creaci\u00f3n entre artesanos y dise\u00f1adores.<\/p>\n<p><strong>MODA SOSTENIBLE:<\/strong> ropa inteligente, ropa org\u00e1nica y accesorios.<\/p>\n<p><strong>MULTIMEDIOS PARA SALVAR EL MUNDO<\/strong>: video juegos, medios de soporte para contenidos digitales, realidad virtual, impresi\u00f3n 3D y contenidos interactivos audiovisuales.<\/p>\n<p><strong>GASTRONOM\u00cdA COMO AGENTE DE TRANSFORMACI\u00d3N:<\/strong> recuperaci\u00f3n de recetas ancestrales y aut\u00f3ctonas. Fusi\u00f3n culinaria, restaurantes y chefs orientados al respeto por el medio ambiente.<\/p>\n<p><strong>M\u00daSICA SIN ESTEREOTIPOS<\/strong>: preservaci\u00f3n cultural y ancestral. La m\u00fasica como herramienta de educaci\u00f3n y preservaci\u00f3n del lenguaje.<\/p>\n<p>Esta convocatoria busca premiar a startups que tengan una soluci\u00f3n o producto en ejecuci\u00f3n (no una idea), o por lo menos un producto m\u00ednimo viable (MPV) que ya cuente con usuarios. Se pueden presentar emprendedores mayores de 18 a\u00f1os, siempre que sean fundadores o cofundadores de startups de entre uno a tres a\u00f1os de operaci\u00f3n, e implementaci\u00f3n o comercializaci\u00f3n de su producto o servicio.<\/p>\n<p>Uno de los fundadores o cofundadores de las startups seleccionadas tendr\u00e1 la oportunidad de presentar su soluci\u00f3n frente a un jurado conformado por especialistas de la industria y potenciales inversionistas durante Idear Soluciones Miami.<\/p>\n<p>Las startups ganadoras provenientes de Am\u00e9rica Latina y el Caribe recibir\u00e1n una subvenci\u00f3n que cubrir\u00e1 su participaci\u00f3n en Idear Soluciones Miami 2017.<\/p>\n<p>Como parte de la premiaci\u00f3n, los ganadores tendr\u00e1n acceso a una serie de eventos, talleres, charlas y oportunidades para hacer networking con pares y expertos de las industrias creativas y culturales, entre otros.<\/p>\n<p>Para preguntas y sumarse como socio de Idear Soluciones, pueden escribir a: <u>demandsolutions@iadb.org<\/u>; y para m\u00e1s informaci\u00f3n, visite <u>www.mdc.edu<\/u><\/p>\n<p>Miami Dade College (MDC) es la instituci\u00f3n universitaria m\u00e1s grande, con una matr\u00edcula superior a los 165 mil alumnos, la mayor en los Estados Unidos.<\/p>\n<p>Es adem\u00e1s el principal productor de diplomas de Asociados en Artes y Asociados en Ciencias de esa naci\u00f3n, y otorga m\u00e1s t\u00edtulos a alumnos pertenecientes a minor\u00edas \u00e9tnicas que otras instituciones acad\u00e9micas del pa\u00eds.<\/p>\n<p>Los ocho campus y centro de apoyo del College ofrecen m\u00e1s de 300 programas diferentes como varios diplomas de licenciaturas en Educaci\u00f3n, Administraci\u00f3n de Seguridad P\u00fablica, Supervisi\u00f3n y Gerencia, Enfermer\u00eda, Estudios de Asistente M\u00e9dico, Cine, Ingenier\u00eda y Ciencias Biol\u00f3gicas, entre otros.<\/p>\n<p>Sus programas acad\u00e9micos y de capacitaci\u00f3n de la fuerza laboral han servido de modelos nacionales de excelencia. El MDC es reconocido por su rica programaci\u00f3n cultural.<\/p>\n<p>Es sede de la Feria del Libro de Miami, del Festival Internacional de Cine de Miami, la Serie de Presentaciones Esc\u00e9nicas MDC Live, la Torre de la Libertad, Monumento Hist\u00f3rico Nacional; un parque de esculturas, y un extenso sistema de galer\u00edas de arte y teatros. Desde su inauguraci\u00f3n en 1960, el MDC ha prestado servicios a m\u00e1s de dos millones de estudiantes.<\/p>\n<p>El Banco Interamericano de Desarrollo (BID) tiene como misi\u00f3n mejorar vidas. Fundado en 1959, el BID es una de las principales fuentes de financiamiento a largo plazo para el desarrollo econ\u00f3mico, social e institucional de Am\u00e9rica Latina y el Caribe.<\/p>\n<p>El BID tambi\u00e9n realiza proyectos de investigaci\u00f3n de vanguardia y ofrece asesor\u00eda sobre pol\u00edticas, asistencia t\u00e9cnica y capacitaci\u00f3n a clientes p\u00fablicos y privados en toda la regi\u00f3n; pero lo anterior ser\u00e1 motivo de posterior an\u00e1lisis en otra entrega de <strong><em>Hora 14<\/em><\/strong>.<\/p>\n<p><em><a href=\"mailto:%20mauricio_conde@msn.com\" target=\"_blank\">mauricio_conde@msn.com<\/a><\/em><\/p>\n","protected":false},"excerpt":{"rendered":"<p><span style=\"color: #005497;\"><strong>Mauricio Conde Olivares<\/strong><\/span><\/p>\n","protected":false},"author":3,"featured_media":0,"comment_status":"open","ping_status":"open","sticky":false,"template":"","format":"standard","meta":{"_monsterinsights_skip_tracking":false,"_monsterinsights_sitenote_active":false,"_monsterinsights_sitenote_note":"","_monsterinsights_sitenote_category":0,"footnotes":""},"categories":[35889],"tags":[43712,43674,44860],"class_list":["post-320154","post","type-post","status-publish","format-standard","hentry","category-mauricio-conde-olivares","tag-mauricio-conde-olivares","tag-opinion","tag-hora-14"],"_links":{"self":[{"href":"https:\/\/www.diarioimagen.net\/index.php?rest_route=\/wp\/v2\/posts\/320154","targetHints":{"allow":["GET"]}}],"collection":[{"href":"https:\/\/www.diarioimagen.net\/index.php?rest_route=\/wp\/v2\/posts"}],"about":[{"href":"https:\/\/www.diarioimagen.net\/index.php?rest_route=\/wp\/v2\/types\/post"}],"author":[{"embeddable":true,"href":"https:\/\/www.diarioimagen.net\/index.php?rest_route=\/wp\/v2\/users\/3"}],"replies":[{"embeddable":true,"href":"https:\/\/www.diarioimagen.net\/index.php?rest_route=%2Fwp%2Fv2%2Fcomments&post=320154"}],"version-history":[{"count":0,"href":"https:\/\/www.diarioimagen.net\/index.php?rest_route=\/wp\/v2\/posts\/320154\/revisions"}],"wp:attachment":[{"href":"https:\/\/www.diarioimagen.net\/index.php?rest_route=%2Fwp%2Fv2%2Fmedia&parent=320154"}],"wp:term":[{"taxonomy":"category","embeddable":true,"href":"https:\/\/www.diarioimagen.net\/index.php?rest_route=%2Fwp%2Fv2%2Fcategories&post=320154"},{"taxonomy":"post_tag","embeddable":true,"href":"https:\/\/www.diarioimagen.net\/index.php?rest_route=%2Fwp%2Fv2%2Ftags&post=320154"}],"curies":[{"name":"wp","href":"https:\/\/api.w.org\/{rel}","templated":true}]}}