{"id":320502,"date":"2017-04-07T00:08:56","date_gmt":"2017-04-07T05:08:56","guid":{"rendered":"http:\/\/www.diarioimagen.net\/?p=320502"},"modified":"2017-04-07T00:51:39","modified_gmt":"2017-04-07T05:51:39","slug":"ando-buscando-carlos-baute","status":"publish","type":"post","link":"https:\/\/www.diarioimagen.net\/?p=320502","title":{"rendered":"<em>Ando buscando<\/em>: Carlos Baute"},"content":{"rendered":"<ul>\n<li><em><strong>Promueve su nuevo sencillo que escribi\u00f3 en 2008 y que ahora se refresca con sonidos actuales que ponen a bailar a Am\u00e9rica<\/strong><\/em><\/li>\n<\/ul>\n<h6>Asael Grande<\/h6>\n<p>&nbsp;<\/p>\n<div id=\"attachment_320504\" style=\"width: 430px\" class=\"wp-caption aligncenter\"><a href=\"http:\/\/www.diarioimagen.net\/?attachment_id=320504\" rel=\"attachment wp-att-320504\"><img loading=\"lazy\" decoding=\"async\" aria-describedby=\"caption-attachment-320504\" class=\"wp-image-320504\" src=\"http:\/\/www.diarioimagen.net\/wp-content\/uploads\/2017\/04\/carlos-baute-poortal-345x460.jpg\" alt=\"\" width=\"420\" height=\"560\" srcset=\"https:\/\/www.diarioimagen.net\/wp-content\/uploads\/2017\/04\/carlos-baute-poortal-345x460.jpg 345w, https:\/\/www.diarioimagen.net\/wp-content\/uploads\/2017\/04\/carlos-baute-poortal-180x240.jpg 180w, https:\/\/www.diarioimagen.net\/wp-content\/uploads\/2017\/04\/carlos-baute-poortal.jpg 700w\" sizes=\"auto, (max-width: 420px) 100vw, 420px\" \/><\/a><p id=\"caption-attachment-320504\" class=\"wp-caption-text\">Ha alcanzado cinco millones de oyentes mensuales en Spotify, con lo que se ubica como uno de los artistas m\u00e1s escuchados del mundo, no s\u00f3lo en el mercado latino. <em>(Foto: DIARIOIMAGEN).<\/em><\/p><\/div>\n<p>&nbsp;<\/p>\n<p>Carlos Baute vuelve a conseguirlo, su nuevo single \u201cAndo buscando\u201d junto al grupo colombiano del momento, Piso 21, ya es todo un hit de streaming en Espa\u00f1a y Latinoam\u00e9rica.<\/p>\n<p>El sencillo alcanza el status de oro en la lista oficial de canciones en Espa\u00f1a: \u201cllevo ya a\u00f1os, desde el 2010 tratando de continuar mi carrera discogr\u00e1fica con m\u00fasica urbana, y lo he logrado, cada vez suena m\u00e1s el pop urbano en la radio, la m\u00fasica pop tambi\u00e9n es muy radial, pero no sonar en radio es complicado, en ese a\u00f1o 2010 hice una producci\u00f3n que se llama \u2018Amarte bien\u2019, la hice aqu\u00ed en M\u00e9xico, la mayor\u00eda de las canciones las grab\u00e9 en M\u00e9xico, la versi\u00f3n de la canci\u00f3n \u2018Amarte bien\u2019, la hice con Juan Magan, un artista del g\u00e9nero urbano, entonces \u00e9l era un Dj que cantaba, hice una remezcla con \u00e9l, despu\u00e9s en el 2011 hice el tema \u2018Me pones tierno\u2019, con Rasel, otro cantante urbano, con esas canciones ten\u00eda 10 millones de visitas, lo que para m\u00ed era un n\u00famero importante, y m\u00e1s si no sonaba en radio, solamente me conoc\u00edan mis fans, entonces al ver esta situaci\u00f3n, grab\u00e9 otra produccion con Cali &amp; El Dandee, que tambi\u00e9n son cantantes urbanos, present\u00e9 entonces \u2018El buz\u00f3n de tu coraz\u00f3n\u2019, y desde esa \u00e9poca no sacaba un disco, desde el 2013 me fue muy bien, cant\u00e9 esas canciones en concierto, en mis <em>shows,<\/em> y ve\u00eda que todo mundo cantaba mis canciones, fue hasta el 2015 que saqu\u00e9 la canci\u00f3n \u2018Perdimos el control\u2019, le fue muy bien en Espa\u00f1a; el a\u00f1o pasado grab\u00e9 \u2018Amor y dolor\u2019 con Alexis y Fido, que fue un bombazo, fue una cosa de discoteca, de mucho baile, y la suerte de todo esto es que segu\u00ed grabando g\u00e9nero urbano, amo este tipo de m\u00fasica\u201d, dijo Baute en conferencia de prensa.<\/p>\n<p>En el video de \u201cAndo buscando\u201d, Carlos Baute ha contado con David Boh\u00f3rquez como productor, joven colombiano responsable de videos de Cali y El Dandee, Piso 21 y Felipe Santos, que ha querido ver a trav\u00e9s de la canci\u00f3n de Carlos Baute, una historia de amor de una pareja joven separados por la distancia, los cuales tienen que tomar una decisi\u00f3n clave: \u201ctambi\u00e9n quiero incursionar en la bachata, a m\u00ed me encanta la m\u00fasica, tal vez el bolero me gustar\u00eda, me gusta mucho la onda latina, he hecho rock, pero eso se lo dejo a los rockeros, de repente meto un tema porque es mi gusto personal, pero mi nuevo disco tendr\u00e1 un par de bachatas, quisiera grabar con talento mexicano, con folclor m\u00edo, quiero demostrar que puedo cantar con cualquier artista\u201d, finaliz\u00f3 Baute, quien adelant\u00f3 que planea regresar a nuestro pa\u00eds para realizar una gira, una vez que su pr\u00f3ximo material discogr\u00e1fico se publique para el mes de octubre.<\/p>\n","protected":false},"excerpt":{"rendered":"<p>Carlos Baute vuelve a conseguirlo, su nuevo single \u201cAndo buscando\u201d junto al grupo colombiano del momento, Piso 21, ya es todo un hit de streaming en Espa\u00f1a y Latinoam\u00e9rica.<\/p>\n","protected":false},"author":5,"featured_media":320505,"comment_status":"open","ping_status":"open","sticky":false,"template":"","format":"standard","meta":{"_monsterinsights_skip_tracking":false,"_monsterinsights_sitenote_active":false,"_monsterinsights_sitenote_note":"","_monsterinsights_sitenote_category":0,"footnotes":""},"categories":[12],"tags":[43682],"class_list":["post-320502","post","type-post","status-publish","format-standard","has-post-thumbnail","hentry","category-espectaculos","tag-espectaculos"],"_links":{"self":[{"href":"https:\/\/www.diarioimagen.net\/index.php?rest_route=\/wp\/v2\/posts\/320502","targetHints":{"allow":["GET"]}}],"collection":[{"href":"https:\/\/www.diarioimagen.net\/index.php?rest_route=\/wp\/v2\/posts"}],"about":[{"href":"https:\/\/www.diarioimagen.net\/index.php?rest_route=\/wp\/v2\/types\/post"}],"author":[{"embeddable":true,"href":"https:\/\/www.diarioimagen.net\/index.php?rest_route=\/wp\/v2\/users\/5"}],"replies":[{"embeddable":true,"href":"https:\/\/www.diarioimagen.net\/index.php?rest_route=%2Fwp%2Fv2%2Fcomments&post=320502"}],"version-history":[{"count":0,"href":"https:\/\/www.diarioimagen.net\/index.php?rest_route=\/wp\/v2\/posts\/320502\/revisions"}],"wp:featuredmedia":[{"embeddable":true,"href":"https:\/\/www.diarioimagen.net\/index.php?rest_route=\/wp\/v2\/media\/320505"}],"wp:attachment":[{"href":"https:\/\/www.diarioimagen.net\/index.php?rest_route=%2Fwp%2Fv2%2Fmedia&parent=320502"}],"wp:term":[{"taxonomy":"category","embeddable":true,"href":"https:\/\/www.diarioimagen.net\/index.php?rest_route=%2Fwp%2Fv2%2Fcategories&post=320502"},{"taxonomy":"post_tag","embeddable":true,"href":"https:\/\/www.diarioimagen.net\/index.php?rest_route=%2Fwp%2Fv2%2Ftags&post=320502"}],"curies":[{"name":"wp","href":"https:\/\/api.w.org\/{rel}","templated":true}]}}