{"id":320583,"date":"2017-04-07T00:04:45","date_gmt":"2017-04-07T05:04:45","guid":{"rendered":"http:\/\/www.diarioimagen.net\/?p=320583"},"modified":"2017-04-07T07:32:55","modified_gmt":"2017-04-07T12:32:55","slug":"barrera-baca-ampliara-oportunidades-para-que-jovenes-realicen-estudios-de-educacion-superior","status":"publish","type":"post","link":"https:\/\/www.diarioimagen.net\/?p=320583","title":{"rendered":"Barrera Baca ampliar\u00e1 oportunidades para que j\u00f3venes realicen estudios de educaci\u00f3n superior"},"content":{"rendered":"<p><a href=\"http:\/\/www.diarioimagen.net\/?attachment_id=320692\" rel=\"attachment wp-att-320692\"><img loading=\"lazy\" decoding=\"async\" class=\"size-large wp-image-320692 aligncenter\" src=\"http:\/\/www.diarioimagen.net\/wp-content\/uploads\/2017\/04\/BARRERA-3095-460x259.jpg\" alt=\"\" width=\"460\" height=\"259\" srcset=\"https:\/\/www.diarioimagen.net\/wp-content\/uploads\/2017\/04\/BARRERA-3095-460x259.jpg 460w, https:\/\/www.diarioimagen.net\/wp-content\/uploads\/2017\/04\/BARRERA-3095-240x135.jpg 240w, https:\/\/www.diarioimagen.net\/wp-content\/uploads\/2017\/04\/BARRERA-3095-235x132.jpg 235w, https:\/\/www.diarioimagen.net\/wp-content\/uploads\/2017\/04\/BARRERA-3095-202x114.jpg 202w, https:\/\/www.diarioimagen.net\/wp-content\/uploads\/2017\/04\/BARRERA-3095-350x196.jpg 350w, https:\/\/www.diarioimagen.net\/wp-content\/uploads\/2017\/04\/BARRERA-3095-220x123.jpg 220w, https:\/\/www.diarioimagen.net\/wp-content\/uploads\/2017\/04\/BARRERA-3095-237x132.jpg 237w, https:\/\/www.diarioimagen.net\/wp-content\/uploads\/2017\/04\/BARRERA-3095.jpg 480w\" sizes=\"auto, (max-width: 460px) 100vw, 460px\" \/><\/a><\/p>\n<p>&nbsp;<\/p>\n<p>Para que m\u00e1s j\u00f3venes\u00a0tengan la oportunidad de realizar estudios de nivel medio y superior\u00a0de calidad y construyan un porvenir,\u00a0la Universidad Aut\u00f3noma del Estado de M\u00e9xico continuar\u00e1 ampliando su matr\u00edcula, a partir del crecimiento de su capacidad instalada,\u00a0la infraestructura f\u00edsica y tecnol\u00f3gica, asever\u00f3\u00a0el aspirante a la rector\u00eda de\u00a0esta casa de estudios,\u00a0Alfredo Barrera Baca.<\/p>\n","protected":false},"excerpt":{"rendered":"<p>Para que m\u00e1s j\u00f3venes tengan la oportunidad de realizar estudios de nivel medio y superior de calidad y construyan un porvenir, la Universidad Aut\u00f3noma del Estado de M\u00e9xico continuar\u00e1 ampliando su matr\u00edcula, a partir del crecimiento de su capacidad instalada, la infraestructura f\u00edsica y tecnol\u00f3gica, asever\u00f3 el aspirante a la rector\u00eda de esta casa de estudios, Alfredo Barrera Baca.<\/p>\n","protected":false},"author":3,"featured_media":320692,"comment_status":"open","ping_status":"open","sticky":false,"template":"","format":"standard","meta":{"_monsterinsights_skip_tracking":false,"_monsterinsights_sitenote_active":false,"_monsterinsights_sitenote_note":"","_monsterinsights_sitenote_category":0,"footnotes":""},"categories":[35155],"tags":[58572,1490],"class_list":["post-320583","post","type-post","status-publish","format-standard","has-post-thumbnail","hentry","category-estado-de-mexico-estado-de-mexico","tag-alfredo-barrera-baca","tag-universidad-autonoma-del-estado-de-mexico"],"_links":{"self":[{"href":"https:\/\/www.diarioimagen.net\/index.php?rest_route=\/wp\/v2\/posts\/320583","targetHints":{"allow":["GET"]}}],"collection":[{"href":"https:\/\/www.diarioimagen.net\/index.php?rest_route=\/wp\/v2\/posts"}],"about":[{"href":"https:\/\/www.diarioimagen.net\/index.php?rest_route=\/wp\/v2\/types\/post"}],"author":[{"embeddable":true,"href":"https:\/\/www.diarioimagen.net\/index.php?rest_route=\/wp\/v2\/users\/3"}],"replies":[{"embeddable":true,"href":"https:\/\/www.diarioimagen.net\/index.php?rest_route=%2Fwp%2Fv2%2Fcomments&post=320583"}],"version-history":[{"count":0,"href":"https:\/\/www.diarioimagen.net\/index.php?rest_route=\/wp\/v2\/posts\/320583\/revisions"}],"wp:featuredmedia":[{"embeddable":true,"href":"https:\/\/www.diarioimagen.net\/index.php?rest_route=\/wp\/v2\/media\/320692"}],"wp:attachment":[{"href":"https:\/\/www.diarioimagen.net\/index.php?rest_route=%2Fwp%2Fv2%2Fmedia&parent=320583"}],"wp:term":[{"taxonomy":"category","embeddable":true,"href":"https:\/\/www.diarioimagen.net\/index.php?rest_route=%2Fwp%2Fv2%2Fcategories&post=320583"},{"taxonomy":"post_tag","embeddable":true,"href":"https:\/\/www.diarioimagen.net\/index.php?rest_route=%2Fwp%2Fv2%2Ftags&post=320583"}],"curies":[{"name":"wp","href":"https:\/\/api.w.org\/{rel}","templated":true}]}}