{"id":320591,"date":"2017-04-07T00:02:31","date_gmt":"2017-04-07T05:02:31","guid":{"rendered":"http:\/\/www.diarioimagen.net\/?p=320591"},"modified":"2017-04-07T07:11:21","modified_gmt":"2017-04-07T12:11:21","slug":"tultitlan-conmemora-el-dia-internacional-del-deporte","status":"publish","type":"post","link":"https:\/\/www.diarioimagen.net\/?p=320591","title":{"rendered":"Tultitl\u00e1n conmemora el D\u00eda Internacional del Deporte"},"content":{"rendered":"<ul>\n<li><strong><em>Para el desarrollo y la paz<\/em><\/strong><\/li>\n<\/ul>\n<p>&nbsp;<\/p>\n<div id=\"attachment_320671\" style=\"width: 470px\" class=\"wp-caption aligncenter\"><a href=\"http:\/\/www.diarioimagen.net\/?attachment_id=320671\" rel=\"attachment wp-att-320671\"><img loading=\"lazy\" decoding=\"async\" aria-describedby=\"caption-attachment-320671\" class=\"size-large wp-image-320671\" src=\"http:\/\/www.diarioimagen.net\/wp-content\/uploads\/2017\/04\/TULTITLAN-3095-460x259.jpg\" alt=\"\" width=\"460\" height=\"259\" srcset=\"https:\/\/www.diarioimagen.net\/wp-content\/uploads\/2017\/04\/TULTITLAN-3095-460x259.jpg 460w, https:\/\/www.diarioimagen.net\/wp-content\/uploads\/2017\/04\/TULTITLAN-3095-240x135.jpg 240w, https:\/\/www.diarioimagen.net\/wp-content\/uploads\/2017\/04\/TULTITLAN-3095-235x132.jpg 235w, https:\/\/www.diarioimagen.net\/wp-content\/uploads\/2017\/04\/TULTITLAN-3095-202x114.jpg 202w, https:\/\/www.diarioimagen.net\/wp-content\/uploads\/2017\/04\/TULTITLAN-3095-350x196.jpg 350w, https:\/\/www.diarioimagen.net\/wp-content\/uploads\/2017\/04\/TULTITLAN-3095-220x123.jpg 220w, https:\/\/www.diarioimagen.net\/wp-content\/uploads\/2017\/04\/TULTITLAN-3095-237x132.jpg 237w, https:\/\/www.diarioimagen.net\/wp-content\/uploads\/2017\/04\/TULTITLAN-3095.jpg 480w\" sizes=\"auto, (max-width: 460px) 100vw, 460px\" \/><\/a><p id=\"caption-attachment-320671\" class=\"wp-caption-text\">El Instituto Municipal de Cultura F\u00edsica y Deporte de Tultitl\u00e1n, reconoci\u00f3 a los atletas de nataci\u00f3n.<\/p><\/div>\n<p>&nbsp;<\/p>\n<p><strong>Tultitl\u00e1n, Estado de M\u00e9xico<\/strong>.- En el marco del D\u00eda Internacional del Deporte para el Desarrollo y la Paz el gobierno municipal record\u00f3 a los atletas tultitlenses que se\u00a0 han destacado por su ardua labor en cada una de sus disciplinas.<\/p>\n<p>El Instituto Municipal de Cultura F\u00edsica y Deporte de Tultitl\u00e1n, reconoci\u00f3 a los atletas de nataci\u00f3n que recientemente participaron en las instalaciones de la alberca ol\u00edmpica de la Universidad Aut\u00f3noma Chapingo, quienes orgullosamente obtuvieron el primer lugar a\u00a0 nivel nacional.<\/p>\n<p>De igual manera mencionaron que\u00a0 \u201cLa Organizaci\u00f3n de las Naciones Unidas (ONU) desde el 2013, en un acuerdo por unanimidad, decret\u00f3 el 6 de abril como el D\u00eda Internacional del Deporte para el Desarrollo y la Paz\u201d, expuso el campe\u00f3n ol\u00edmpico. \u201cLa Organizaci\u00f3n de las Naciones Unidas (ONU) desde el 2013, en un acuerdo por unanimidad, decret\u00f3 el 6 de abril como el D\u00eda Internacional del Deporte para el Desarrollo y la Paz\u201d, expuso el campe\u00f3n ol\u00edmpico.<\/p>\n<p>Cabe destacar que el deporte es tambi\u00e9n un facilitador importante del desarrollo sostenible. Reconocemos la creciente contribuci\u00f3n del deporte al desarrollo y a la paz en cu\u00e1nto a su promoci\u00f3n de la tolerancia y el respeto y los que aporta\u00a0 al empoderamiento de las mujeres y los j\u00f3venes, tanto a nivel individual como comunitario, as\u00ed como a la salud, la educaci\u00f3n y la inclusi\u00f3n social.<\/p>\n<p>Por otra parte, dicha dependencia record\u00f3 a los atletas de alto rendimiento por representar al municipio de Tultitl\u00e1n entre las que destacan Arlete Alc\u00e1ntara Rico, quien a pesar de sus capacidades diferentes es especialista en la disciplina de nataci\u00f3n en la prueba de 100 dorso y 400 libres, quien ha sido campeona en repetidas ocasiones ante la Olimpiada Nacional obteniendo primeros, segundos y terceros lugares Su \u00faltimo logro fue en abril del a\u00f1o pasado en la para olimpiada nacional obteniendo la medalla de oro en la prueba 100 m dorso y plata en 400 m libres.<\/p>\n<p>Tambi\u00e9n se ha destacado a\u00a0 katarin Mayran Oliver en la disciplina de pentatl\u00f3n moderno en la categor\u00eda juvenil A quien ha sido medallista en 1er lugar en Olimpiada Nacional de pentatl\u00f3n y esgrima por haber obtenido el 8vo lugar nacional Tepotzotl\u00e1n.<\/p>\n<p>Y se est\u00e1 preparando para el pr\u00f3ximo evento clasificatorio para juegos ol\u00edmpicos junior\u2019s 2018, de igual forma se record\u00f3 al atleta Arturo Cort\u00e9s Piedras de atletismo, pruebas 5k 10k y medio marat\u00f3n y a Yolotl Otniel Martinez Cabral deportista especializado en clavados\u00a0 destacado por su lugar en panamericano junior, multimedallista nacional y ha contado con participaciones en competencia para grand prix, por mencionar algunos.<\/p>\n<p>Finalmente, la dependencia hace una cordial invitaci\u00f3n a todos los tultitlenses a practicar alg\u00fan deporte en cualquiera de los deportivos que se encuentran en la demarcaci\u00f3n.<\/p>\n<p>&nbsp;<\/p>\n","protected":false},"excerpt":{"rendered":"<p>En el marco del D\u00eda Internacional del Deporte para el Desarrollo y la Paz el gobierno municipal record\u00f3 a los atletas tultitlenses que se  han destacado por su ardua labor en cada una de sus disciplinas.<\/p>\n","protected":false},"author":3,"featured_media":320671,"comment_status":"open","ping_status":"open","sticky":false,"template":"","format":"standard","meta":{"_monsterinsights_skip_tracking":false,"_monsterinsights_sitenote_active":false,"_monsterinsights_sitenote_note":"","_monsterinsights_sitenote_category":0,"footnotes":""},"categories":[35155],"tags":[43675,578],"class_list":["post-320591","post","type-post","status-publish","format-standard","has-post-thumbnail","hentry","category-estado-de-mexico-estado-de-mexico","tag-estado-de-mexico","tag-tultitlan"],"_links":{"self":[{"href":"https:\/\/www.diarioimagen.net\/index.php?rest_route=\/wp\/v2\/posts\/320591","targetHints":{"allow":["GET"]}}],"collection":[{"href":"https:\/\/www.diarioimagen.net\/index.php?rest_route=\/wp\/v2\/posts"}],"about":[{"href":"https:\/\/www.diarioimagen.net\/index.php?rest_route=\/wp\/v2\/types\/post"}],"author":[{"embeddable":true,"href":"https:\/\/www.diarioimagen.net\/index.php?rest_route=\/wp\/v2\/users\/3"}],"replies":[{"embeddable":true,"href":"https:\/\/www.diarioimagen.net\/index.php?rest_route=%2Fwp%2Fv2%2Fcomments&post=320591"}],"version-history":[{"count":0,"href":"https:\/\/www.diarioimagen.net\/index.php?rest_route=\/wp\/v2\/posts\/320591\/revisions"}],"wp:featuredmedia":[{"embeddable":true,"href":"https:\/\/www.diarioimagen.net\/index.php?rest_route=\/wp\/v2\/media\/320671"}],"wp:attachment":[{"href":"https:\/\/www.diarioimagen.net\/index.php?rest_route=%2Fwp%2Fv2%2Fmedia&parent=320591"}],"wp:term":[{"taxonomy":"category","embeddable":true,"href":"https:\/\/www.diarioimagen.net\/index.php?rest_route=%2Fwp%2Fv2%2Fcategories&post=320591"},{"taxonomy":"post_tag","embeddable":true,"href":"https:\/\/www.diarioimagen.net\/index.php?rest_route=%2Fwp%2Fv2%2Ftags&post=320591"}],"curies":[{"name":"wp","href":"https:\/\/api.w.org\/{rel}","templated":true}]}}