{"id":320746,"date":"2017-04-10T00:07:12","date_gmt":"2017-04-10T05:07:12","guid":{"rendered":"http:\/\/www.diarioimagen.net\/?p=320746"},"modified":"2017-04-09T23:02:12","modified_gmt":"2017-04-10T04:02:12","slug":"controlado-al-100-incendio-forestal-en-texcoco","status":"publish","type":"post","link":"https:\/\/www.diarioimagen.net\/?p=320746","title":{"rendered":"Extreman vigilancia para cuidar bosques en esta \u00e9poca"},"content":{"rendered":"<h2>Arco Norte<\/h2>\n<h5>Jos\u00e9 Luis Monta\u00f1ez Aguilar<\/h5>\n<p>&nbsp;<\/p>\n<p>Se pondr\u00e1 en marcha el operativo especial de Semana Santa para la protecci\u00f3n y vigilancia de los bosques mexiquenses, ya que en esta temporada se presenta mayor probabilidad de incendios forestales.<\/p>\n<p>Por ello, 850 personas entre ejidatarios, due\u00f1os y poseedores de bosques, comuneros y personal de Protecci\u00f3n Civil de diferentes municipios, han recibido capacitaci\u00f3n a trav\u00e9s de 86 cursos que ha impartido la Protectora de Bosques (Probosque), para darles herramientas de prevenci\u00f3n frente a las conflagraciones.<\/p>\n<p>Adicionalmente, 10 brigadas de Probosque recibieron capacitaci\u00f3n en los Cursos Nacional e Internacional que ofrece la Comisi\u00f3n Nacional Forestal (Conafor), en los que personal capacitado de M\u00e9xico, Estados Unidos y Canad\u00e1 comparten experiencias para hacer frente de manera eficaz y oportuna a los incendios forestales.<\/p>\n<p>Con estas brigadas suman en total 190 los equipos que estar\u00e1n listos para atender cualquier situaci\u00f3n de emergencia que se presente en los bosques mexiquenses en el pr\u00f3ximo periodo vacacional.<\/p>\n<p>Cada una de ellas est\u00e1 integrada por diez combatientes, que sumados a los ejidatarios, comuneros y personal de municipios capacitados, da un total de 2 mil 750 brigadistas que har\u00e1n frente a la presente temporada de estiaje. Por lo que el organismo invit\u00f3 a la poblaci\u00f3n para evitar, en medida de lo posible, el uso de fuegos pirot\u00e9cnicos en las celebraciones religiosas que se avecinan, ya que son un factor de riesgo para generar incendios en los bosques mexiquenses.<\/p>\n<p>A los visitantes se les pide, en caso de visitar parajes y zonas forestales, evitar las fogatas y tirar colillas de cigarro encendidas.<\/p>\n<p>&nbsp;<\/p>\n<p style=\"text-align: center;\"><strong>Controlado al 100% incendio forestal en Texcoco<\/strong><\/p>\n<p>&nbsp;<\/p>\n<div id=\"attachment_320747\" style=\"width: 470px\" class=\"wp-caption aligncenter\"><a href=\"http:\/\/www.diarioimagen.net\/?attachment_id=320747\" rel=\"attachment wp-att-320747\"><img loading=\"lazy\" decoding=\"async\" aria-describedby=\"caption-attachment-320747\" class=\"size-large wp-image-320747\" src=\"http:\/\/www.diarioimagen.net\/wp-content\/uploads\/2017\/04\/INCENDIO10-PORTAL-460x268.jpg\" alt=\"\" width=\"460\" height=\"268\" srcset=\"https:\/\/www.diarioimagen.net\/wp-content\/uploads\/2017\/04\/INCENDIO10-PORTAL-460x268.jpg 460w, https:\/\/www.diarioimagen.net\/wp-content\/uploads\/2017\/04\/INCENDIO10-PORTAL-240x140.jpg 240w, https:\/\/www.diarioimagen.net\/wp-content\/uploads\/2017\/04\/INCENDIO10-PORTAL.jpg 480w\" sizes=\"auto, (max-width: 460px) 100vw, 460px\" \/><\/a><p id=\"caption-attachment-320747\" class=\"wp-caption-text\">Fue controlado totalmente el incendio forestal registrado en Texcoco, gracias a las acciones de los m\u00e1s de 700 combatientes.<\/p><\/div>\n<p>&nbsp;<\/p>\n<p>El gobierno mexiquense informa que fue controlado al 100 por ciento el incendio forestal registrado en Texcoco, gracias a las acciones de los m\u00e1s de 700 combatientes que apoyaron las labores de ataque a las llamas durante los d\u00edas de la conflagraci\u00f3n.<\/p>\n<p>La Secretar\u00eda del Medio Ambiente confirm\u00f3 que en la zona ya solo trabajan dos brigadas de Probosque y tres rurales para hacer labores de liquidaci\u00f3n de calor, para formalizar la extinci\u00f3n del siniestro.<\/p>\n<p>La dependencia mencion\u00f3 que durante seis d\u00edas se realizaron trabajos de combate al incendio, participaron 702 combatientes de Probosque, de Conafor, la Secretar\u00eda de la Defensa Nacional, voluntarios de la Universidad de Chapingo y ejidatarios de Coatlinch\u00e1n, Texcoco y Coatepec Ixtapaluca, adem\u00e1s de personal de Protecci\u00f3n Civil de Texcoco e Ixtapaluca, as\u00ed como el apoyo de helic\u00f3pteros del Grupo Rel\u00e1mpagos\u00a0 y la Sedena.<\/p>\n<p>Record\u00f3 que el incendio inici\u00f3 la noche del pasado domingo en la zona de San Miguel Coatlinch\u00e1n, y el combate a las llamas se complic\u00f3 por el frente fr\u00edo 38, que provoc\u00f3 r\u00e1fagas de viento que dificultaron a los voluntarios el ataque a las llamas. Hasta el momento y de acuerdo con reportes preliminares, se calcula que de la superficie afectada, el 70 por ciento corresponder\u00eda a pastizales y arbustos, y el resto a arbolado adulto.<\/p>\n<p>Por ello, Probosque junto con ejidatarios y comuneros iniciaron un programa de mitigaci\u00f3n en la zona siniestrada, para la restauraci\u00f3n de los ecosistemas y el equilibrio del medio ambiente; adem\u00e1s, se realizar\u00e1n trabajos de acondicionamiento de suelos para tener listo el terreno en la temporada de reforestaci\u00f3n.<\/p>\n<p><em><a href=\"mailto:montanezaguilar@gmail.com\" target=\"_blank\">montanezaguilar@gmail.com<\/a><\/em><\/p>\n","protected":false},"excerpt":{"rendered":"<p><span style=\"color: #005497;\">Jos\u00e9 Luis Monta\u00f1ez Aguilar<\/span><br \/>\n<br \/>\nSe pondr\u00e1 en marcha el operativo especial de Semana Santa para la protecci\u00f3n y vigilancia de los bosques mexiquenses, ya que en esta temporada se presenta mayor probabilidad de incendios forestales.<\/p>\n","protected":false},"author":5,"featured_media":320747,"comment_status":"open","ping_status":"open","sticky":false,"template":"","format":"standard","meta":{"_monsterinsights_skip_tracking":false,"_monsterinsights_sitenote_active":false,"_monsterinsights_sitenote_note":"","_monsterinsights_sitenote_category":0,"footnotes":""},"categories":[35155],"tags":[13284,43704,43674,540],"class_list":["post-320746","post","type-post","status-publish","format-standard","has-post-thumbnail","hentry","category-estado-de-mexico-estado-de-mexico","tag-arco-norte","tag-jose-luis-montanez-aguilar","tag-opinion","tag-texcoco"],"_links":{"self":[{"href":"https:\/\/www.diarioimagen.net\/index.php?rest_route=\/wp\/v2\/posts\/320746","targetHints":{"allow":["GET"]}}],"collection":[{"href":"https:\/\/www.diarioimagen.net\/index.php?rest_route=\/wp\/v2\/posts"}],"about":[{"href":"https:\/\/www.diarioimagen.net\/index.php?rest_route=\/wp\/v2\/types\/post"}],"author":[{"embeddable":true,"href":"https:\/\/www.diarioimagen.net\/index.php?rest_route=\/wp\/v2\/users\/5"}],"replies":[{"embeddable":true,"href":"https:\/\/www.diarioimagen.net\/index.php?rest_route=%2Fwp%2Fv2%2Fcomments&post=320746"}],"version-history":[{"count":0,"href":"https:\/\/www.diarioimagen.net\/index.php?rest_route=\/wp\/v2\/posts\/320746\/revisions"}],"wp:featuredmedia":[{"embeddable":true,"href":"https:\/\/www.diarioimagen.net\/index.php?rest_route=\/wp\/v2\/media\/320747"}],"wp:attachment":[{"href":"https:\/\/www.diarioimagen.net\/index.php?rest_route=%2Fwp%2Fv2%2Fmedia&parent=320746"}],"wp:term":[{"taxonomy":"category","embeddable":true,"href":"https:\/\/www.diarioimagen.net\/index.php?rest_route=%2Fwp%2Fv2%2Fcategories&post=320746"},{"taxonomy":"post_tag","embeddable":true,"href":"https:\/\/www.diarioimagen.net\/index.php?rest_route=%2Fwp%2Fv2%2Ftags&post=320746"}],"curies":[{"name":"wp","href":"https:\/\/api.w.org\/{rel}","templated":true}]}}