{"id":320803,"date":"2017-04-10T00:01:56","date_gmt":"2017-04-10T05:01:56","guid":{"rendered":"http:\/\/www.diarioimagen.net\/?p=320803"},"modified":"2017-04-10T03:47:18","modified_gmt":"2017-04-10T08:47:18","slug":"aeromexico-celebro-10-anos-de-volar-a-argentina-desde-la-ciudad-de-mexico","status":"publish","type":"post","link":"https:\/\/www.diarioimagen.net\/?p=320803","title":{"rendered":"Aerom\u00e9xico celebr\u00f3 10 a\u00f1os de volar a Argentina desde la Ciudad de M\u00e9xico"},"content":{"rendered":"<h2>De cinco estrellas<\/h2>\n<h5>Victoria Gonz\u00e1lez Prado<\/h5>\n<p><strong>\u00a0<\/strong><\/p>\n<ul>\n<li><em><strong>Reubican a las aerol\u00edneas que llegan al Aeropuerto Internacional de Los \u00c1ngeles<\/strong><\/em><\/li>\n<li><em><strong>\u00d3pera San Miguel se realiza desde hace nueve a\u00f1os en honor a Jos\u00e9 Mojica<\/strong><\/em><\/li>\n<\/ul>\n<p>&nbsp;<\/p>\n<div id=\"attachment_320917\" style=\"width: 470px\" class=\"wp-caption aligncenter\"><a href=\"http:\/\/www.diarioimagen.net\/?attachment_id=320917\" rel=\"attachment wp-att-320917\"><img loading=\"lazy\" decoding=\"async\" aria-describedby=\"caption-attachment-320917\" class=\"size-large wp-image-320917\" src=\"http:\/\/www.diarioimagen.net\/wp-content\/uploads\/2017\/04\/turismo-3096-460x259.jpg\" alt=\"\" width=\"460\" height=\"259\" srcset=\"https:\/\/www.diarioimagen.net\/wp-content\/uploads\/2017\/04\/turismo-3096-460x259.jpg 460w, https:\/\/www.diarioimagen.net\/wp-content\/uploads\/2017\/04\/turismo-3096-240x135.jpg 240w, https:\/\/www.diarioimagen.net\/wp-content\/uploads\/2017\/04\/turismo-3096-235x132.jpg 235w, https:\/\/www.diarioimagen.net\/wp-content\/uploads\/2017\/04\/turismo-3096-202x114.jpg 202w, https:\/\/www.diarioimagen.net\/wp-content\/uploads\/2017\/04\/turismo-3096-350x196.jpg 350w, https:\/\/www.diarioimagen.net\/wp-content\/uploads\/2017\/04\/turismo-3096-220x123.jpg 220w, https:\/\/www.diarioimagen.net\/wp-content\/uploads\/2017\/04\/turismo-3096-237x132.jpg 237w, https:\/\/www.diarioimagen.net\/wp-content\/uploads\/2017\/04\/turismo-3096.jpg 480w\" sizes=\"auto, (max-width: 460px) 100vw, 460px\" \/><\/a><p id=\"caption-attachment-320917\" class=\"wp-caption-text\">Argentina, quinto mercado m\u00e1s importante para M\u00e9xico en llegadas de pasajeros.<\/p><\/div>\n<p>&nbsp;<\/p>\n<p>En 2016, Argentina fue el quinto mercado m\u00e1s importante para M\u00e9xico en llegadas de pasajeros y representa el segundo m\u00e1s importante de Am\u00e9rica Latina.<\/p>\n<p>Para atender la demanda y crecimiento de este mercado, actualmente Aerom\u00e9xico ofrece siete vuelos directos semanales y 12 en temporada alta. La ruta es operada con dos diferentes equipos: el <em>Boeing 777,<\/em> con capacidad para 277 clientes \u201349 de ellos en Clase Premier\u2013 y en el <em>Boeing<\/em> 787-8 <em>Dreamliner, <\/em>\u00a0con capacidad para 243 clientes \u201332 de ellos en Clase Premier.<\/p>\n<p>El itinerario de vuelo para quienes deseen viajar entre Ciudad de M\u00e9xico y Buenos Aires es: de la Ciudad de M\u00e9xico a Buenos Aires, sale a las 9:30 horas llega a las 21:25. De Buenos Aires a la Ciudad de M\u00e9xico sale a las 00:50 horas y llega a las 7:40 horas. Ambos vuelos son diarios.<\/p>\n<p>Al respecto, <strong>Jorge Goytortua<\/strong>, <em>d<\/em>irector corporativo de Ventas de Aerom\u00e9xico, se\u00f1al\u00f3: \u201cLa ruta entre M\u00e9xico y Argentina es una de las m\u00e1s importantes para nosotros en Sudam\u00e9rica; tan solo en 2016 transportamos a m\u00e1s de 189 mil pasajeros, ofreciendo m\u00e1s de 3,800 asientos semanales. Celebrar la primera d\u00e9cada de la ruta nos llena de orgullo y satisfacci\u00f3n\u201d.<\/p>\n<p>Adem\u00e1s, gracias al C\u00f3digo Compartido con Aerol\u00edneas Argentinas, ambas socias de <em>SkyTeam,<\/em> puedes viajar entre Buenos Aires, la Ciudad de M\u00e9xico y Canc\u00fan en vuelos operados y comercializados de manera conjunta.<\/p>\n<p>De esta forma, con una presencia de 20 a\u00f1os y 15 destinos en Sudam\u00e9rica, Aerom\u00e9xico consolida su liderazgo en Argentina al ofrecer conectividad con 44 destinos en M\u00e9xico, 19 en Estados Unidos, cuatro en Europa, cuatro en Canad\u00e1 y tres en Asia, fortaleciendo lazos mediante la conectividad a\u00e9rea, que favorece el desarrollo tur\u00edstico entre los pa\u00edses.<\/p>\n<p>\u2730\u2730\u2730\u2730\u2730 Desde el 12 de marzo pasado y hasta el 17 de mayo, <em>Delta Air Lines<\/em> estar\u00e1 mudando sus operaciones en el Aeropuerto Internacional de Los \u00c1ngeles (LAX), desde las Terminales 5 y 6 hacia las Terminales 2 y 3, lo que significa que otras 19 aerol\u00edneas ser\u00e1n reubicadas tambi\u00e9n.<\/p>\n<p>Aerom\u00e9xico, <em>Virgin Atlantic<\/em> y <em>WestJet,<\/em> que operan en c\u00f3digo compartido con <em>Delta,<\/em> permanecer\u00e1n en las Terminales 2 y 3. El movimiento est\u00e1 pensado para que <em>Delt<\/em>a tenga mayor capacidad de crecimiento, agregando siete salas extras y tendr\u00e1 mejor acceso a la terminal internacional del aeropuerto para las aerol\u00edneas asociadas.<\/p>\n<p>Las siguientes aerolineas ser\u00e1n reubicadas: <em>Aer Lingus, Air Canada, Avianca, Copa, Hainan Airlines, Hawaiian Air, Interjet, Qatar Airways, Sun Country, Thomas Cook<\/em>, Volaris, <em>XL Airways France, Allegiant Air, Boutique Air, Frontier, JetBlue, Southwest, Spirit, Virgin America<\/em> y <em>Virgin Australia.<\/em><\/p>\n<p><em>Air Canada, Virgin America, XL Airways France<\/em> y <em>Boutique Air<\/em> estar\u00e1n en la Terminal 6 mientras que <em>Hawaiian, JetBlue, Spirit, Allegiant, Frontier<\/em> y<em> Sun Country<\/em> ser\u00e1n reubicadas en la Terminal 5. Las otras aerol\u00edneas saldr\u00e1n desde la Terminal Internacional Tom Bradley. Pueden encontrar un mapa detallado con los cambios en\u00a0www.LAXishappening.com.<\/p>\n<p>Para minimizar las interrupciones y demoras, los viajeros y las empresas de transportaci\u00f3n est\u00e1n siendo notificados, habr\u00e1 personal para ayudar y orientar a los pasajeros y se est\u00e1 planeando una operaci\u00f3n de log\u00edstica masiva.<\/p>\n<p>\u2730\u2730\u2730\u2730\u2730 La primera semana de marzo, en San Miguel de Allende se celebr\u00f3 la novena edici\u00f3n de \u00d3pera San Miguel, misma que se realiza, desde hace nueve a\u00f1os consecutivos en honor a <strong>Jos\u00e9 Mojica<\/strong> y que tuvo como una de sus sedes principales su antigua casa.<\/p>\n<p>Es bien sabido que <strong>Jos\u00e9 Mojica<\/strong> vivi\u00f3 en esta majestuosa ciudad en la que adquiri\u00f3 una casa a la que llam\u00f3 Villa Santa M\u00f3nica. Y fue aqu\u00ed donde se celebr\u00f3 un importante concierto de \u00f3pera.<\/p>\n<p>\u00bfPor qu\u00e9? Les cuento, la misi\u00f3n de \u00d3pera San Miguel es descubrir y desarrollar a los m\u00e1s talentosos cantantes de \u00f3pera de M\u00e9xico y se logra bajo un formato de concurso que a la fecha se ha convertido en uno de los m\u00e1s serios y prestigiosos concursos en Am\u00e9rica.<\/p>\n<p>Los ganadores de las ediciones anteriores participan hoy en los programas de entrenamiento m\u00e1s reconocidos del mundo: <em>The Academy of Vocal Arts in Philadelphia,<\/em> el programa \u00e9lite de entrenamiento de Pl\u00e1cido Domingo en Valencia, Espa\u00f1a y el programa de estudios de la<em> Deutsche Oper Berlin.<\/em><\/p>\n<p>Cabe destacar que el gran tenor mexicano <strong>Jos\u00e9 Mojica<\/strong> siempre tuvo la visi\u00f3n de convertir a San Miguel de Allende en la meca cultural de M\u00e9xico, es por eso que a principios de los a\u00f1os 40 adquiri\u00f3, en el centro de San Miguel de Allende, una propiedad del\u00a0 siglo XVI que durante la Revoluci\u00f3n, permaneci\u00f3 abandonada.<\/p>\n<p>Despu\u00e9s se inici\u00f3 la remodelaci\u00f3n y al concluirla <strong>Mojica<\/strong> la denomin\u00f3 Antigua Villa Santa M\u00f3nica en recuerdo al tiempo en que vivi\u00f3 en Santa M\u00f3nica, California en el que fue considerado una de las estrellas m\u00e1s prominentes de la \u00e9poca de oro del cine de Hollywood.<\/p>\n<p>Villa Santa M\u00f3nica, gracias a sus actuales due\u00f1os, es hoy uno de los hoteles de esta singular ciudad. En este lugar abundan historias sobre \u201clos buenos tiempos\u201d en que <strong>Jos\u00e9 Mo<\/strong>jica invitaba a sus amigos de Hollywood a su casa. Dicen que ah\u00ed se reun\u00edan: <strong>Agust\u00edn Lara<\/strong>, <strong>Gary Cooper<\/strong>, <strong>Pedro Infante<\/strong>, <strong>John Ford<\/strong>, <strong>Jorge Negrete<\/strong>, <strong>John Houston<\/strong>, <strong>Dolores del R\u00edo<\/strong> y <strong>John Wayne<\/strong>.<\/p>\n<p>Fue en su casa donde <strong>Agust\u00edn Lara<\/strong> escribi\u00f3 la famosa y tradicional canci\u00f3n \u201cSolamente una Vez\u201d. Contrario a lo que se piensa no se trata de una canci\u00f3n de amor.<\/p>\n<p>Es un homenaje a su gran amigo <strong>Jos\u00e9 Mojica<\/strong> por su decisi\u00f3n de dejar la vida art\u00edstica y convertirse en sacerdote. Desde luego, <strong>Mojica<\/strong> la interpret\u00f3 en varias ocasiones y una de ellas fue en la pel\u00edcula de 1941 \u201cMelod\u00edas de Am\u00e9rica\u201d.<\/p>\n<p>Otra remembranza de aquella \u00e9poca es que dentro de Villa Santa M\u00f3nica existen \u00e1rboles con una placa que recuerda a la celebridad que los plant\u00f3.<\/p>\n<p><strong>Jos\u00e9 Mojica <\/strong>no estaba equivocado en su visi\u00f3n. Hoy, San Miguel de Allende es una de la ciudades de M\u00e9xico con mayor actividad art\u00edstica y cultural, prueba de ello es el importante proyecto que desarrolla la organizaci\u00f3n \u00d3pera San Miguel fundada por el tenor estadounidense radicado en San Miguel de Allende <strong>John Bills<\/strong> y presidida por el empresario guanajuatense <strong>\u00c1lvaro Nieto<\/strong>.<\/p>\n<p>Enhorabuena por la iniciativa de \u00d3pera San Miguel que promueve la cultura. En la inauguraci\u00f3n los invitados tuvimos la oportunidad de escuchar a uno de los graduados m\u00e1s destacados del concurso, el ganador de la edici\u00f3n 2015, <strong>C\u00e9sar Delgado<\/strong>.<\/p>\n<p><em><a href=\"mailto:victoriagprado@gmail.com\" target=\"_blank\">victoriagprado@gmail.com<\/a><\/em><br \/>\n<em>Twitter:\u00a0<a href=\"https:\/\/twitter.com\/victoriagprado\" target=\"_blank\">@victoriagprado<\/a><\/em><\/p>\n","protected":false},"excerpt":{"rendered":"<p>En 2016, Argentina fue el quinto mercado m\u00e1s importante para M\u00e9xico en llegadas de pasajeros y representa el segundo m\u00e1s importante de Am\u00e9rica Latina.<\/p>\n","protected":false},"author":3,"featured_media":320917,"comment_status":"open","ping_status":"open","sticky":false,"template":"","format":"standard","meta":{"_monsterinsights_skip_tracking":false,"_monsterinsights_sitenote_active":false,"_monsterinsights_sitenote_note":"","_monsterinsights_sitenote_category":0,"footnotes":""},"categories":[11],"tags":[107,43674,43681,106],"class_list":["post-320803","post","type-post","status-publish","format-standard","has-post-thumbnail","hentry","category-turismo","tag-de-cinco-estrellas","tag-opinion","tag-turismo","tag-victoria-gonzalez-prado"],"_links":{"self":[{"href":"https:\/\/www.diarioimagen.net\/index.php?rest_route=\/wp\/v2\/posts\/320803","targetHints":{"allow":["GET"]}}],"collection":[{"href":"https:\/\/www.diarioimagen.net\/index.php?rest_route=\/wp\/v2\/posts"}],"about":[{"href":"https:\/\/www.diarioimagen.net\/index.php?rest_route=\/wp\/v2\/types\/post"}],"author":[{"embeddable":true,"href":"https:\/\/www.diarioimagen.net\/index.php?rest_route=\/wp\/v2\/users\/3"}],"replies":[{"embeddable":true,"href":"https:\/\/www.diarioimagen.net\/index.php?rest_route=%2Fwp%2Fv2%2Fcomments&post=320803"}],"version-history":[{"count":0,"href":"https:\/\/www.diarioimagen.net\/index.php?rest_route=\/wp\/v2\/posts\/320803\/revisions"}],"wp:featuredmedia":[{"embeddable":true,"href":"https:\/\/www.diarioimagen.net\/index.php?rest_route=\/wp\/v2\/media\/320917"}],"wp:attachment":[{"href":"https:\/\/www.diarioimagen.net\/index.php?rest_route=%2Fwp%2Fv2%2Fmedia&parent=320803"}],"wp:term":[{"taxonomy":"category","embeddable":true,"href":"https:\/\/www.diarioimagen.net\/index.php?rest_route=%2Fwp%2Fv2%2Fcategories&post=320803"},{"taxonomy":"post_tag","embeddable":true,"href":"https:\/\/www.diarioimagen.net\/index.php?rest_route=%2Fwp%2Fv2%2Ftags&post=320803"}],"curies":[{"name":"wp","href":"https:\/\/api.w.org\/{rel}","templated":true}]}}