{"id":320833,"date":"2017-04-10T00:03:14","date_gmt":"2017-04-10T05:03:14","guid":{"rendered":"http:\/\/www.diarioimagen.net\/?p=320833"},"modified":"2017-04-10T03:18:29","modified_gmt":"2017-04-10T08:18:29","slug":"universitarios-con-propuesta-consolidara-a-uaem-como-potencia-cientifica-y-tecnologica-barrera-baca","status":"publish","type":"post","link":"https:\/\/www.diarioimagen.net\/?p=320833","title":{"rendered":"\u201cUniversitarios con propuesta\u201d consolidar\u00e1 a UAEM como potencia cient\u00edfica y tecnol\u00f3gica: Barrera Baca"},"content":{"rendered":"<p><a href=\"http:\/\/www.diarioimagen.net\/?attachment_id=320920\" rel=\"attachment wp-att-320920\"><img loading=\"lazy\" decoding=\"async\" class=\"aligncenter size-large wp-image-320920\" src=\"http:\/\/www.diarioimagen.net\/wp-content\/uploads\/2017\/04\/BARRERA-3096-460x259.jpg\" alt=\"\" width=\"460\" height=\"259\" srcset=\"https:\/\/www.diarioimagen.net\/wp-content\/uploads\/2017\/04\/BARRERA-3096-460x259.jpg 460w, https:\/\/www.diarioimagen.net\/wp-content\/uploads\/2017\/04\/BARRERA-3096-240x135.jpg 240w, https:\/\/www.diarioimagen.net\/wp-content\/uploads\/2017\/04\/BARRERA-3096-235x132.jpg 235w, https:\/\/www.diarioimagen.net\/wp-content\/uploads\/2017\/04\/BARRERA-3096-202x114.jpg 202w, https:\/\/www.diarioimagen.net\/wp-content\/uploads\/2017\/04\/BARRERA-3096-350x196.jpg 350w, https:\/\/www.diarioimagen.net\/wp-content\/uploads\/2017\/04\/BARRERA-3096-220x123.jpg 220w, https:\/\/www.diarioimagen.net\/wp-content\/uploads\/2017\/04\/BARRERA-3096-237x132.jpg 237w, https:\/\/www.diarioimagen.net\/wp-content\/uploads\/2017\/04\/BARRERA-3096.jpg 480w\" sizes=\"auto, (max-width: 460px) 100vw, 460px\" \/><\/a><\/p>\n<p>&nbsp;<\/p>\n<p>Durante el periodo 2017-2021, la Universidad Aut\u00f3noma del Estado de M\u00e9xico consolidar\u00e1 su posici\u00f3n como potencia cient\u00edfica y tecnol\u00f3gica, referente en el \u00e1rea de las ciencias sociales y las humanidades, a fin de que los universitarios extiendan su conocimiento en beneficio de la poblaci\u00f3n, sostuvo el aspirante a ocupar el cargo de rector de esta casa de estudios, Alfredo Barrera Baca.<\/p>\n<p>Al presentar el Proyecto Educativo \u201cUniversitarios con propuesta\u201d en el Instituto de Estudios sobre la Universidad (IESU), ante alumnos de posgrado, investigadores, docentes y personal administrativo, Barrera Baca afirm\u00f3 que durante su gesti\u00f3n se potencializar\u00e1 el modelo de triple h\u00e9lice, es decir, la colaboraci\u00f3n de la instituci\u00f3n con los sectores gubernamental y empresarial, con el prop\u00f3sito de que m\u00e1s actores financien proyectos de investigaci\u00f3n que redunden en beneficios para la sociedad.<\/p>\n","protected":false},"excerpt":{"rendered":"<p>Durante el periodo 2017-2021, la Universidad Aut\u00f3noma del Estado de M\u00e9xico consolidar\u00e1 su posici\u00f3n como potencia cient\u00edfica y tecnol\u00f3gica, referente en el \u00e1rea de las ciencias sociales y las humanidades, a fin de que los universitarios extiendan su conocimiento en beneficio de la poblaci\u00f3n, sostuvo el aspirante a ocupar el cargo de rector de esta casa de estudios, Alfredo Barrera Baca.<\/p>\n","protected":false},"author":3,"featured_media":320920,"comment_status":"open","ping_status":"open","sticky":false,"template":"","format":"standard","meta":{"_monsterinsights_skip_tracking":false,"_monsterinsights_sitenote_active":false,"_monsterinsights_sitenote_note":"","_monsterinsights_sitenote_category":0,"footnotes":""},"categories":[35155],"tags":[58572,43675,1491],"class_list":["post-320833","post","type-post","status-publish","format-standard","has-post-thumbnail","hentry","category-estado-de-mexico-estado-de-mexico","tag-alfredo-barrera-baca","tag-estado-de-mexico","tag-uaem"],"_links":{"self":[{"href":"https:\/\/www.diarioimagen.net\/index.php?rest_route=\/wp\/v2\/posts\/320833","targetHints":{"allow":["GET"]}}],"collection":[{"href":"https:\/\/www.diarioimagen.net\/index.php?rest_route=\/wp\/v2\/posts"}],"about":[{"href":"https:\/\/www.diarioimagen.net\/index.php?rest_route=\/wp\/v2\/types\/post"}],"author":[{"embeddable":true,"href":"https:\/\/www.diarioimagen.net\/index.php?rest_route=\/wp\/v2\/users\/3"}],"replies":[{"embeddable":true,"href":"https:\/\/www.diarioimagen.net\/index.php?rest_route=%2Fwp%2Fv2%2Fcomments&post=320833"}],"version-history":[{"count":0,"href":"https:\/\/www.diarioimagen.net\/index.php?rest_route=\/wp\/v2\/posts\/320833\/revisions"}],"wp:featuredmedia":[{"embeddable":true,"href":"https:\/\/www.diarioimagen.net\/index.php?rest_route=\/wp\/v2\/media\/320920"}],"wp:attachment":[{"href":"https:\/\/www.diarioimagen.net\/index.php?rest_route=%2Fwp%2Fv2%2Fmedia&parent=320833"}],"wp:term":[{"taxonomy":"category","embeddable":true,"href":"https:\/\/www.diarioimagen.net\/index.php?rest_route=%2Fwp%2Fv2%2Fcategories&post=320833"},{"taxonomy":"post_tag","embeddable":true,"href":"https:\/\/www.diarioimagen.net\/index.php?rest_route=%2Fwp%2Fv2%2Ftags&post=320833"}],"curies":[{"name":"wp","href":"https:\/\/api.w.org\/{rel}","templated":true}]}}