{"id":320840,"date":"2017-04-10T00:02:02","date_gmt":"2017-04-10T05:02:02","guid":{"rendered":"http:\/\/www.diarioimagen.net\/?p=320840"},"modified":"2017-04-10T03:23:27","modified_gmt":"2017-04-10T08:23:27","slug":"david-parra-las-elecciones-se-ganan-con-propuestas-y-no-descalificando","status":"publish","type":"post","link":"https:\/\/www.diarioimagen.net\/?p=320840","title":{"rendered":"David Parra: las elecciones se ganan con propuestas y no descalificando"},"content":{"rendered":"<ul>\n<li><strong><em>Pide no hacer caso de falsedades<\/em><\/strong><\/li>\n<\/ul>\n<p>&nbsp;<\/p>\n<div id=\"attachment_320926\" style=\"width: 470px\" class=\"wp-caption aligncenter\"><a href=\"http:\/\/www.diarioimagen.net\/?attachment_id=320926\" rel=\"attachment wp-att-320926\"><img loading=\"lazy\" decoding=\"async\" aria-describedby=\"caption-attachment-320926\" class=\"size-large wp-image-320926\" src=\"http:\/\/www.diarioimagen.net\/wp-content\/uploads\/2017\/04\/NAUCALPAN-3096-460x259.jpg\" alt=\"\" width=\"460\" height=\"259\" srcset=\"https:\/\/www.diarioimagen.net\/wp-content\/uploads\/2017\/04\/NAUCALPAN-3096-460x259.jpg 460w, https:\/\/www.diarioimagen.net\/wp-content\/uploads\/2017\/04\/NAUCALPAN-3096-240x135.jpg 240w, https:\/\/www.diarioimagen.net\/wp-content\/uploads\/2017\/04\/NAUCALPAN-3096-235x132.jpg 235w, https:\/\/www.diarioimagen.net\/wp-content\/uploads\/2017\/04\/NAUCALPAN-3096-202x114.jpg 202w, https:\/\/www.diarioimagen.net\/wp-content\/uploads\/2017\/04\/NAUCALPAN-3096-350x196.jpg 350w, https:\/\/www.diarioimagen.net\/wp-content\/uploads\/2017\/04\/NAUCALPAN-3096-220x123.jpg 220w, https:\/\/www.diarioimagen.net\/wp-content\/uploads\/2017\/04\/NAUCALPAN-3096-237x132.jpg 237w, https:\/\/www.diarioimagen.net\/wp-content\/uploads\/2017\/04\/NAUCALPAN-3096.jpg 480w\" sizes=\"auto, (max-width: 460px) 100vw, 460px\" \/><\/a><p id=\"caption-attachment-320926\" class=\"wp-caption-text\">David Parra S\u00e1nchez llama a los mexiquenses a analizar las propuestas de los candidatos al gobierno del Estado de M\u00e9xico y votar por la mejor.<\/p><\/div>\n<p>&nbsp;<\/p>\n<p><strong>Naucalpan, Estado de M\u00e9xico<\/strong>.- El l\u00edder social, David Parra S\u00e1nchez, exhort\u00f3 a los mexiquenses analizar las propuestas de los candidatos al gobierno del estado de M\u00e9xico y votar por la mejor propuesta y no hacer caso a las falsedades y groser\u00edas \u00a0que se suben a las redes sociales, pues \u00e9stas \u00faltimas, \u00a0en nada \u00a0ayudan a la democracia en la entidad mexiquense.<\/p>\n<p>\u201cNo existe duda que la campa\u00f1a que est\u00e1 realizando Alfredo del Mazo como nuestro abanderado por el Revolucionario Institucional a la gubernatura al del Estado de M\u00e9xico, es de propuesta y no de descailficaciones . Las elecciones se ganan con votos\u201d.<\/p>\n<p>David Parra \u00a0refrend\u00f3 el apoyo de los pri\u00edstas naucalpenses al abanderado del Revolucionario Institucional y reiter\u00f3 su \u00a0plena confianza de que Alfredo del Mazo obtenga la victoria el pr\u00f3ximo 4 de junio.<\/p>\n<p>\u201cAparecen much\u00edsimos perfiles falsos (en las redes sociales), es algo que trabajan mucho estas gentes de izquierda y nosotros tenemos que estar listos para contrarrestarlos, dando la cara con nuestros argumentos\u201d.<\/p>\n<p>Asimismo, David Parra precis\u00f3 que \u201clo que los pri\u00edstas le vamos a ense\u00f1ar a estas personas es que est\u00e1n muy lejos de poder gobernar a un estado que es muy complejo, en donde hay candidatos que no saben ni hablar.\u201d<\/p>\n<p>Coment\u00f3 que hay quienes hablan por hablar, s\u00f3lo llevado odio. Creen que manejar el Estado de M\u00e9xico es muy f\u00e1cil, \u201cyo estoy seguro que ser\u00eda un \u00a0caos que gobernara una opci\u00f3n diferente. No ven que el Partido Acci\u00f3n Nacional (PAN) en 12 a\u00f1os no pari\u00f3 una sola instituci\u00f3n y el Partido Revolucionario Institucional (PRI) \u00a0est\u00e1 detr\u00e1s de todas las que existen en nuestro pa\u00eds.\u201d<\/p>\n<p>&nbsp;<\/p>\n","protected":false},"excerpt":{"rendered":"<p>El l\u00edder social, David Parra S\u00e1nchez, exhort\u00f3 a los mexiquenses analizar las propuestas de los candidatos al gobierno del estado de M\u00e9xico y votar por la mejor propuesta y no hacer caso a las falsedades y groser\u00edas  que se suben a las redes sociales, pues \u00e9stas \u00faltimas,  en nada  ayudan a la democracia en la entidad mexiquense.<\/p>\n","protected":false},"author":3,"featured_media":320926,"comment_status":"open","ping_status":"open","sticky":false,"template":"","format":"standard","meta":{"_monsterinsights_skip_tracking":false,"_monsterinsights_sitenote_active":false,"_monsterinsights_sitenote_note":"","_monsterinsights_sitenote_category":0,"footnotes":""},"categories":[35155],"tags":[29035,798,43675,970],"class_list":["post-320840","post","type-post","status-publish","format-standard","has-post-thumbnail","hentry","category-estado-de-mexico-estado-de-mexico","tag-david-parra-sanchez","tag-elecciones","tag-estado-de-mexico","tag-naucalpan"],"_links":{"self":[{"href":"https:\/\/www.diarioimagen.net\/index.php?rest_route=\/wp\/v2\/posts\/320840","targetHints":{"allow":["GET"]}}],"collection":[{"href":"https:\/\/www.diarioimagen.net\/index.php?rest_route=\/wp\/v2\/posts"}],"about":[{"href":"https:\/\/www.diarioimagen.net\/index.php?rest_route=\/wp\/v2\/types\/post"}],"author":[{"embeddable":true,"href":"https:\/\/www.diarioimagen.net\/index.php?rest_route=\/wp\/v2\/users\/3"}],"replies":[{"embeddable":true,"href":"https:\/\/www.diarioimagen.net\/index.php?rest_route=%2Fwp%2Fv2%2Fcomments&post=320840"}],"version-history":[{"count":0,"href":"https:\/\/www.diarioimagen.net\/index.php?rest_route=\/wp\/v2\/posts\/320840\/revisions"}],"wp:featuredmedia":[{"embeddable":true,"href":"https:\/\/www.diarioimagen.net\/index.php?rest_route=\/wp\/v2\/media\/320926"}],"wp:attachment":[{"href":"https:\/\/www.diarioimagen.net\/index.php?rest_route=%2Fwp%2Fv2%2Fmedia&parent=320840"}],"wp:term":[{"taxonomy":"category","embeddable":true,"href":"https:\/\/www.diarioimagen.net\/index.php?rest_route=%2Fwp%2Fv2%2Fcategories&post=320840"},{"taxonomy":"post_tag","embeddable":true,"href":"https:\/\/www.diarioimagen.net\/index.php?rest_route=%2Fwp%2Fv2%2Ftags&post=320840"}],"curies":[{"name":"wp","href":"https:\/\/api.w.org\/{rel}","templated":true}]}}