{"id":320842,"date":"2017-04-10T00:01:39","date_gmt":"2017-04-10T05:01:39","guid":{"rendered":"http:\/\/www.diarioimagen.net\/?p=320842"},"modified":"2017-04-10T03:25:57","modified_gmt":"2017-04-10T08:25:57","slug":"jorge-olvera-asume-presidencia-de-la-asociacion-de-doctores-en-derecho","status":"publish","type":"post","link":"https:\/\/www.diarioimagen.net\/?p=320842","title":{"rendered":"Jorge Olvera asume presidencia de la Asociaci\u00f3n de Doctores en Derecho"},"content":{"rendered":"<ul>\n<li><strong><em>Del Estado de M\u00e9xico<\/em><\/strong><\/li>\n<\/ul>\n<p>&nbsp;<\/p>\n<div id=\"attachment_320929\" style=\"width: 470px\" class=\"wp-caption aligncenter\"><a href=\"http:\/\/www.diarioimagen.net\/?attachment_id=320929\" rel=\"attachment wp-att-320929\"><img loading=\"lazy\" decoding=\"async\" aria-describedby=\"caption-attachment-320929\" class=\"size-large wp-image-320929\" src=\"http:\/\/www.diarioimagen.net\/wp-content\/uploads\/2017\/04\/olvera-3096-460x259.jpg\" alt=\"\" width=\"460\" height=\"259\" srcset=\"https:\/\/www.diarioimagen.net\/wp-content\/uploads\/2017\/04\/olvera-3096-460x259.jpg 460w, https:\/\/www.diarioimagen.net\/wp-content\/uploads\/2017\/04\/olvera-3096-240x135.jpg 240w, https:\/\/www.diarioimagen.net\/wp-content\/uploads\/2017\/04\/olvera-3096-235x132.jpg 235w, https:\/\/www.diarioimagen.net\/wp-content\/uploads\/2017\/04\/olvera-3096-202x114.jpg 202w, https:\/\/www.diarioimagen.net\/wp-content\/uploads\/2017\/04\/olvera-3096-350x196.jpg 350w, https:\/\/www.diarioimagen.net\/wp-content\/uploads\/2017\/04\/olvera-3096-220x123.jpg 220w, https:\/\/www.diarioimagen.net\/wp-content\/uploads\/2017\/04\/olvera-3096-237x132.jpg 237w, https:\/\/www.diarioimagen.net\/wp-content\/uploads\/2017\/04\/olvera-3096.jpg 480w\" sizes=\"auto, (max-width: 460px) 100vw, 460px\" \/><\/a><p id=\"caption-attachment-320929\" class=\"wp-caption-text\">El rector Jorge Olvera Garc\u00eda llam\u00f3 a los miembros de esta agrupaci\u00f3n a estudiar y defender los derechos humanos.<\/p><\/div>\n<p>&nbsp;<\/p>\n<p>Al asumir la presidencia de la Asociaci\u00f3n de Doctores en Derecho del Estado de M\u00e9xico (ADDEM), el rector de la M\u00e1xima Casa de Estudios mexiquense, Jorge Olvera Garc\u00eda, llam\u00f3 a los miembros de esta agrupaci\u00f3n a estudiar y defender los derechos humanos, la fortaleza de las instituciones jur\u00eddicas, pol\u00edticas y sociales, las deudas con el sistema penitenciario, la lucha contra la corrupci\u00f3n e impunidad, la certeza de los connacionales en el extranjero y el gran debate de las ideas entre la sociedad.<\/p>\n<p>En la Sala de Consejo \u201cLic. Benito Ju\u00e1rez Garc\u00eda\u201d del Edificio de Rector\u00eda de la Universidad Aut\u00f3noma del Estado de M\u00e9xico, donde se dio cita el presidente de la Asociaci\u00f3n Nacional de Doctores en Derecho, El\u00edas Huerta Psihas, se firm\u00f3 el acta constitutiva de la asociaci\u00f3n y tom\u00f3 protesta formal a los integrantes y del consejo directivo, el rector Olvera Garc\u00eda asever\u00f3 que por su dimensi\u00f3n territorial y concentraci\u00f3n poblacional, la entidad demanda un esfuerzo asertivo y eficaz.<\/p>\n<p>Acompa\u00f1ado de la vicepresidenta de la ADDEM y consejera jur\u00eddica del gobierno del Estado de M\u00e9xico, Luz Mar\u00eda Zarza Delgado; el secretario de Organizaci\u00f3n y presidente del Tribunal Superior de Justicia y del Consejo de la Judicatura del Estado de M\u00e9xico, Sergio Javier Medina Pe\u00f1aloza, as\u00ed como el secretario del Consejo de Honor de la asociaci\u00f3n, Humberto Ben\u00edtez Trevi\u00f1o, puntualiz\u00f3 que la ADDEM se constituye en un momento oportuno, puesto que la raz\u00f3n apremia y la educaci\u00f3n los convoca.<\/p>\n<p>\u201cNuevas realidades configuran a nuestra profesi\u00f3n y la vuelven necesaria y cada vez m\u00e1s pertinente, puesto que el abogado es conciliador entre voces, comportamientos, disensos y la pluralidad de ideas\u201d.<\/p>\n<p>Al honrarme como presidente de la ADDEM, dijo, \u201cme brindan la oportunidad de reforzar la vida acad\u00e9mica, la especialidad jur\u00eddica y encabezar a una s\u00f3lida y din\u00e1mica organizaci\u00f3n que re\u00fane talento, vitalidad, visi\u00f3n de conjunto, responsabilidad comunitaria y entrega al servicio de la sociedad\u201d.<\/p>\n<p>&nbsp;<\/p>\n","protected":false},"excerpt":{"rendered":"<p>Al asumir la presidencia de la Asociaci\u00f3n de Doctores en Derecho del Estado de M\u00e9xico (ADDEM), el rector de la M\u00e1xima Casa de Estudios mexiquense, Jorge Olvera Garc\u00eda, llam\u00f3 a los miembros de esta agrupaci\u00f3n a estudiar y defender los derechos humanos, la fortaleza de las instituciones jur\u00eddicas, pol\u00edticas y sociales, las deudas con el sistema penitenciario, la lucha contra la corrupci\u00f3n e impunidad, la certeza de los connacionales en el extranjero y el gran debate de las ideas entre la sociedad.<\/p>\n","protected":false},"author":3,"featured_media":320929,"comment_status":"open","ping_status":"open","sticky":false,"template":"","format":"standard","meta":{"_monsterinsights_skip_tracking":false,"_monsterinsights_sitenote_active":false,"_monsterinsights_sitenote_note":"","_monsterinsights_sitenote_category":0,"footnotes":""},"categories":[35155],"tags":[27015],"class_list":["post-320842","post","type-post","status-publish","format-standard","has-post-thumbnail","hentry","category-estado-de-mexico-estado-de-mexico","tag-jorge-olvera-garcia"],"_links":{"self":[{"href":"https:\/\/www.diarioimagen.net\/index.php?rest_route=\/wp\/v2\/posts\/320842","targetHints":{"allow":["GET"]}}],"collection":[{"href":"https:\/\/www.diarioimagen.net\/index.php?rest_route=\/wp\/v2\/posts"}],"about":[{"href":"https:\/\/www.diarioimagen.net\/index.php?rest_route=\/wp\/v2\/types\/post"}],"author":[{"embeddable":true,"href":"https:\/\/www.diarioimagen.net\/index.php?rest_route=\/wp\/v2\/users\/3"}],"replies":[{"embeddable":true,"href":"https:\/\/www.diarioimagen.net\/index.php?rest_route=%2Fwp%2Fv2%2Fcomments&post=320842"}],"version-history":[{"count":0,"href":"https:\/\/www.diarioimagen.net\/index.php?rest_route=\/wp\/v2\/posts\/320842\/revisions"}],"wp:featuredmedia":[{"embeddable":true,"href":"https:\/\/www.diarioimagen.net\/index.php?rest_route=\/wp\/v2\/media\/320929"}],"wp:attachment":[{"href":"https:\/\/www.diarioimagen.net\/index.php?rest_route=%2Fwp%2Fv2%2Fmedia&parent=320842"}],"wp:term":[{"taxonomy":"category","embeddable":true,"href":"https:\/\/www.diarioimagen.net\/index.php?rest_route=%2Fwp%2Fv2%2Fcategories&post=320842"},{"taxonomy":"post_tag","embeddable":true,"href":"https:\/\/www.diarioimagen.net\/index.php?rest_route=%2Fwp%2Fv2%2Ftags&post=320842"}],"curies":[{"name":"wp","href":"https:\/\/api.w.org\/{rel}","templated":true}]}}