{"id":320900,"date":"2017-04-10T00:02:19","date_gmt":"2017-04-10T05:02:19","guid":{"rendered":"http:\/\/www.diarioimagen.net\/?p=320900"},"modified":"2017-04-10T01:10:22","modified_gmt":"2017-04-10T06:10:22","slug":"operativo-de-seguridad-en-vacaciones","status":"publish","type":"post","link":"https:\/\/www.diarioimagen.net\/?p=320900","title":{"rendered":"Operativo de seguridad en vacaciones"},"content":{"rendered":"<h2>\u201cHora 14\u201d<\/h2>\n<h5>Mauricio Conde Olivares<\/h5>\n<p>&nbsp;<\/p>\n<p>En esta Semana Mayor se pondr\u00e1 a prueba la coordinaci\u00f3n de los tres \u00f3rdenes de gobierno para garantizar la seguridad de los paseantes, por lo que a\u00fan tiene la esperanza el Secretario de Turismo, Enrique de la Madrid Cordero, de que sea posible revertir condiciones de inseguridad y proyectar a nuevos destinos a trav\u00e9s del turismo.<\/p>\n<p>Por ello, destac\u00f3 que el sector tur\u00edstico es corresponsable en la provisi\u00f3n de ambientes seguros para los visitantes, por lo que es importante coordinar esfuerzos junto a los gobiernos de los estados y municipios para construir un modelo de seguridad para las zonas tur\u00edsticas del pa\u00eds.<\/p>\n<p>\u201cNuestra primera tarea de promoci\u00f3n es la seguridad. El valor estrat\u00e9gico del turismo es muy grande y no podemos descuidarlo\u201d, cit\u00f3.<\/p>\n<p>Recordemos que la Sectur estim\u00f3 una derrama econ\u00f3mica de m\u00e1s de 7 mil 400 millones de pesos a nivel nacional y una ocupaci\u00f3n hotelera promedio del 70 por ciento en el pa\u00eds durante el periodo vacacional de Semana Santa, incluso se tiene registro de 95% de ocupaci\u00f3n hotelera en las reservas de Canc\u00fan y la Riviera Maya.<\/p>\n<p>Adem\u00e1s, se estima que para el periodo de Semana Santa los turistas nacionales que recorrer\u00e1n diferentes destinos de nuestro pa\u00eds realizar\u00e1n un gasto tur\u00edstico aproximado de 7 mil 423 millones de pesos, que resultar\u00eda 6.3 por ciento superior a la cifra reportada en el mismo periodo de 2016.<\/p>\n<p>Tambi\u00e9n se espera que m\u00e1s de 5 millones de turistas nacionales realicen viajes a diferentes destinos del pa\u00eds durante este periodo vacacional, lo que equivaldr\u00eda a una cifra 3.9 por ciento superior a la observada en la Semana Santa de 2016<\/p>\n<p>Por ello, se prev\u00e9 que el porcentaje total de la ocupaci\u00f3n hotelera en este periodo vacacional sea de cerca del 70 por ciento. Para los centros de playa se estima ocupaci\u00f3n de 84.4 por ciento y para las ciudades de 58.1 por ciento.<\/p>\n<p>En Canc\u00fan, con el prop\u00f3sito principal de reducir los accidentes y garantizar la seguridad del turismo en las principales playas y centros comerciales de la ciudad, autoridades civiles y militares de los tres niveles de gobierno, encabezados por el gobernador Carlos Joaqu\u00edn Gonz\u00e1lez, dieron el banderazo formal para el inicio del operativo \u201cSemana Santa 2017\u201d.<\/p>\n<p>En este contexto, el presidente municipal, destac\u00f3 el compromiso de su administraci\u00f3n para salvaguardar la integridad de los visitantes, sobre todo cuando se tiene una ocupaci\u00f3n hotelera que supera el 90 por ciento y a la proyecci\u00f3n de que arribar\u00e1n alrededor de 30 mil visitantes.<\/p>\n<p>Por su parte, el comisario de la Secretar\u00eda Municipal de Seguridad P\u00fablica y Tr\u00e1nsito (SMSPyT), Jos\u00e9 Luis Jonathan Yong Mendoza, destac\u00f3 en este marco, que la Corporaci\u00f3n a su cargo garantizar\u00e1 un Canc\u00fan seguro en este pr\u00f3ximo periodo vacacional, reforzando los trabajos coordinados y de conjunto con las fuerzas como la Procuradur\u00eda General de la Rep\u00fablica (PGR), Polic\u00eda Federal, divisi\u00f3n Gendarmer\u00eda, Polic\u00eda Estatal Preventiva (PEP), Ej\u00e9rcito y Armada de M\u00e9xico.<\/p>\n<p>En otro orden, d\u00e9jeme contarle lo que sucedi\u00f3 en el Palacio Legislativo de San L\u00e1zaro donde los empresarios de los delfinarios encabezados por Eduardo Albor, de Dolphin Discovery, cabildearon a marchas forzadas en la C\u00e1mara de Diputados y lograron que la votaci\u00f3n del dictamen para reformar la Ley de Vida Silvestre se pospusiera hasta el pr\u00f3ximo 18 de abril.<\/p>\n<p>En este tema, los diputados federales pri\u00edstas Chanito Toledo y Sara Latife, le juegan las contras a su coordinador parlamentario, C\u00e9sar Camacho Quiroz, donde la bancada del Revolucionario Institucional va de la mano con el PVEM.<\/p>\n<p>Los diputados de Acci\u00f3n Nacional votar\u00e1n en contra por consigna, pero aun as\u00ed no se vislumbra que puedan dar marcha a atr\u00e1s a esta modificaci\u00f3n legal por la cual los delfinarios dejar\u00e1n de tener un jugoso negocio por m\u00e1s de 130 millones de d\u00f3lares anuales basados en la explotaci\u00f3n de delfines.<\/p>\n<p>La reforma legal para que los delfinarios tengan \u201cla \u00faltima generaci\u00f3n\u201d de estos mam\u00edferos esta imparable pese a las estrategias de dilaci\u00f3n que han enarbolado el PAN, PRD y Morena.<\/p>\n<p>Le recuerdo que sin la presencia de los grupos parlamentarios del PRD, Morena y PAN qued\u00f3 en suspenso la sesi\u00f3n plenaria de la C\u00e1mara de Diputados del Congreso de la Uni\u00f3n donde se pretend\u00eda reformar el cuarto p\u00e1rrafo del art\u00edculo 60 Bis de la Ley General de Vida Silvestre, en materia de mam\u00edferos marinos, por la cual se establecer\u00eda la obligatoriedad de establecer \u201cla \u00faltima generaci\u00f3n\u201d de delfines en cautiverio sometidos a brindar espect\u00e1culos al turismo.<\/p>\n<p>En espera de un acuerdo entre los grupos parlamentarios para continuar con los trabajos legislativos para debatir y votar el dictamen correspondiente, a la fecha existen en M\u00e9xico alrededor de 396 mam\u00edferos marinos bajo cuidado humano, de acuerdo al censo con el que se cuenta, del cual 81 por ciento se trata de delfines de diferentes especies. Estos se concentran en 35 hoy llamados delfinarios, que son finalmente instalaciones de diferentes caracter\u00edsticas, y de estos delfinarios el 80% brinda sus servicios en Canc\u00fan, por lo que la mayor\u00eda se encuentran en Quintana Roo.<\/p>\n<p>Al respecto, el l\u00edder del Grupo Parlamentario del PVEM, Jes\u00fas Sesma Su\u00e1rez, dijo que \u201ces una industria muy poderosa que genera una derrama econ\u00f3mica de 130 millones de d\u00f3lares; y no hay ninguna justificaci\u00f3n para alegrarnos de ir a estos espect\u00e1culos y ver a un delf\u00edn que ha sido adiestrado de manera brutal, y que no tiene el potencial que la naturaleza le da para poder convivir y vivir. Es decir, un delf\u00edn nada entre 100 kil\u00f3metros diarios, aproximadamente, lo cual pr\u00e1cticamente hace dos kil\u00f3metros en un estanque\u201d.<\/p>\n<p>La \u00faltima generaci\u00f3n \u2013explic\u00f3- quiere decir que se podr\u00e1n mantener estos delfinarios de la manera que est\u00e1n abriendo la NOM para poder ser un poquito m\u00e1s escrupulosos en el manejo y que sean realmente con una actividad de protecci\u00f3n hacia los animales, pero que no se pueda hacer la reproducci\u00f3n, que no se puedan reproducirse.<\/p>\n<p>El l\u00edder de los diputados verdes agreg\u00f3 que \u201cy con esto podemos garantizar, primero, que no se vayan extinguir de la noche a la ma\u00f1ana los trabajos de estas personas y de estas familias que viven de esta industria; y, sobre todo, el paso paulatino, que estamos hablando entre 20 y 25 a\u00f1os que seguir\u00edamos viendo estos delfinarios, pero con una visi\u00f3n muy respetuosa de entender que lo que queremos en esta naturaleza es respetar el h\u00e1bitat de estos animales, es respetar el h\u00e1bitat de estas personas que, por cierto, en muchos pa\u00edses ya se les nombra personas no humanas por su coeficiente del cerebro, porque est\u00e1 comprobado que los chimpanc\u00e9s, los seres humanos y los delfines son los \u00fanicos animales en el planeta que se pueden reconocer en el espejo. De esa dimensi\u00f3n estamos hablando\u201d.<\/p>\n<p>Entonces, cr\u00e9anme, -sostuvo- hay muchos mitos, no es el cierre de los delfinarios de la noche a la ma\u00f1ana, estamos velando por las familias que trabajan, que (por cierto) aunque sea un empleo hay que luchar por \u00e9l, sin embargo, representa el 0.35 por ciento de los empleos del estado de Quintana Roo y menos del 1 por ciento en el tema tur\u00edstico. No va a haber afectaciones, prometi\u00f3; pero lo anterior ser\u00e1 motivo de posterior an\u00e1lisis en otra entrega de <strong><em>Hora 14<\/em><\/strong>.<\/p>\n<p><em><a href=\"mailto:%20mauricio_conde@msn.com\" target=\"_blank\">mauricio_conde@msn.com<\/a><\/em><\/p>\n","protected":false},"excerpt":{"rendered":"<p><span style=\"color: #005497;\"><strong>Mauricio Conde Olivares<\/strong><\/span><\/p>\n","protected":false},"author":3,"featured_media":0,"comment_status":"open","ping_status":"open","sticky":false,"template":"","format":"standard","meta":{"_monsterinsights_skip_tracking":false,"_monsterinsights_sitenote_active":false,"_monsterinsights_sitenote_note":"","_monsterinsights_sitenote_category":0,"footnotes":""},"categories":[35889],"tags":[43712,43674,44860],"class_list":["post-320900","post","type-post","status-publish","format-standard","hentry","category-mauricio-conde-olivares","tag-mauricio-conde-olivares","tag-opinion","tag-hora-14"],"_links":{"self":[{"href":"https:\/\/www.diarioimagen.net\/index.php?rest_route=\/wp\/v2\/posts\/320900","targetHints":{"allow":["GET"]}}],"collection":[{"href":"https:\/\/www.diarioimagen.net\/index.php?rest_route=\/wp\/v2\/posts"}],"about":[{"href":"https:\/\/www.diarioimagen.net\/index.php?rest_route=\/wp\/v2\/types\/post"}],"author":[{"embeddable":true,"href":"https:\/\/www.diarioimagen.net\/index.php?rest_route=\/wp\/v2\/users\/3"}],"replies":[{"embeddable":true,"href":"https:\/\/www.diarioimagen.net\/index.php?rest_route=%2Fwp%2Fv2%2Fcomments&post=320900"}],"version-history":[{"count":0,"href":"https:\/\/www.diarioimagen.net\/index.php?rest_route=\/wp\/v2\/posts\/320900\/revisions"}],"wp:attachment":[{"href":"https:\/\/www.diarioimagen.net\/index.php?rest_route=%2Fwp%2Fv2%2Fmedia&parent=320900"}],"wp:term":[{"taxonomy":"category","embeddable":true,"href":"https:\/\/www.diarioimagen.net\/index.php?rest_route=%2Fwp%2Fv2%2Fcategories&post=320900"},{"taxonomy":"post_tag","embeddable":true,"href":"https:\/\/www.diarioimagen.net\/index.php?rest_route=%2Fwp%2Fv2%2Ftags&post=320900"}],"curies":[{"name":"wp","href":"https:\/\/api.w.org\/{rel}","templated":true}]}}