{"id":321060,"date":"2017-04-11T00:08:49","date_gmt":"2017-04-11T05:08:49","guid":{"rendered":"http:\/\/www.diarioimagen.net\/?p=321060"},"modified":"2017-04-11T04:45:04","modified_gmt":"2017-04-11T09:45:04","slug":"equipo-de-juan-zepeda-condena-la-agresion-hacia-xochitl-galvez","status":"publish","type":"post","link":"https:\/\/www.diarioimagen.net\/?p=321060","title":{"rendered":"Equipo de Juan Zepeda condena la agresi\u00f3n hacia X\u00f3chitl G\u00e1lvez"},"content":{"rendered":"<ul>\n<li><strong><em>Coordinaci\u00f3n general de campa\u00f1a<\/em><\/strong><\/li>\n<\/ul>\n<p>&nbsp;<\/p>\n<div id=\"attachment_321193\" style=\"width: 470px\" class=\"wp-caption aligncenter\"><a href=\"http:\/\/www.diarioimagen.net\/?attachment_id=321193\" rel=\"attachment wp-att-321193\"><img loading=\"lazy\" decoding=\"async\" aria-describedby=\"caption-attachment-321193\" class=\"size-large wp-image-321193\" src=\"http:\/\/www.diarioimagen.net\/wp-content\/uploads\/2017\/04\/zepeda-3037-460x259.jpg\" alt=\"\" width=\"460\" height=\"259\" srcset=\"https:\/\/www.diarioimagen.net\/wp-content\/uploads\/2017\/04\/zepeda-3037-460x259.jpg 460w, https:\/\/www.diarioimagen.net\/wp-content\/uploads\/2017\/04\/zepeda-3037-240x135.jpg 240w, https:\/\/www.diarioimagen.net\/wp-content\/uploads\/2017\/04\/zepeda-3037-235x132.jpg 235w, https:\/\/www.diarioimagen.net\/wp-content\/uploads\/2017\/04\/zepeda-3037-202x114.jpg 202w, https:\/\/www.diarioimagen.net\/wp-content\/uploads\/2017\/04\/zepeda-3037-350x196.jpg 350w, https:\/\/www.diarioimagen.net\/wp-content\/uploads\/2017\/04\/zepeda-3037-220x123.jpg 220w, https:\/\/www.diarioimagen.net\/wp-content\/uploads\/2017\/04\/zepeda-3037-237x132.jpg 237w, https:\/\/www.diarioimagen.net\/wp-content\/uploads\/2017\/04\/zepeda-3037.jpg 480w\" sizes=\"auto, (max-width: 460px) 100vw, 460px\" \/><\/a><p id=\"caption-attachment-321193\" class=\"wp-caption-text\">El candidato del PRD a la gubernatura del Estado de M\u00e9xico, Juan Zepeda Hern\u00e1ndez, se sum\u00f3 a las condenas de violentar las campa\u00f1as.<\/p><\/div>\n<p>&nbsp;<\/p>\n<p>El equipo de campa\u00f1a del candidato del PRD a la gubernatura del Estado de M\u00e9xico, Juan Zepeda Hern\u00e1ndez, conden\u00f3 la supuesta agresi\u00f3n a la jefa delegacional en Miguel Hidalgo, X\u00f3chitl G\u00e1lvez, en un tianguis de Tlanepantla.<\/p>\n<p>En un comunicado, fechado en Ciudad Nezahualc\u00f3yotl, el coordinador general de campa\u00f1a, el senador Luis S\u00e1nchez, expres\u00f3 su total rechazo a estos hechos que \u201cno deben ser tolerados bajo ninguna circunstancia, debido a que afectan la vida democr\u00e1tica de la entidad y enrarecen el clima pol\u00edtico\u201d.<\/p>\n<p>\u201cLa Coordinaci\u00f3n General de campa\u00f1a del candidato Juan Zepeda condena en\u00e9rgicamente las agresiones de las que fue objeto, en el Tianguis del Tenayo, la delegada panista X\u00f3chitl G\u00e1lvez durante un evento proselitista en el municipio de Tlalnepantla\u201d.<\/p>\n<p>En ese sentido, \u201cel Partido de la Revoluci\u00f3n Democr\u00e1tica refrenda en todo momento las libertades que consagra la Constituci\u00f3n Pol\u00edtica de los Estados Unidos Mexicanos, entre ellas la libre expresi\u00f3n y la libertad de tr\u00e1nsito\u201d.<\/p>\n<p>La Coordinaci\u00f3n General de campa\u00f1a del candidato Juan Zepeda conden\u00f3 en\u00e9rgicamente las agresiones de las que fue objeto X\u00f3chitl G\u00e1lez.<\/p>\n<p>&nbsp;<\/p>\n","protected":false},"excerpt":{"rendered":"<p>El equipo de campa\u00f1a del candidato del PRD a la gubernatura del Estado de M\u00e9xico, Juan Zepeda Hern\u00e1ndez, conden\u00f3 la supuesta agresi\u00f3n a la jefa delegacional en Miguel Hidalgo, X\u00f3chitl G\u00e1lvez, en un tianguis de Tlanepantla.<\/p>\n","protected":false},"author":3,"featured_media":321193,"comment_status":"open","ping_status":"open","sticky":false,"template":"","format":"standard","meta":{"_monsterinsights_skip_tracking":false,"_monsterinsights_sitenote_active":false,"_monsterinsights_sitenote_note":"","_monsterinsights_sitenote_category":0,"footnotes":""},"categories":[35155],"tags":[43675,59870,211],"class_list":["post-321060","post","type-post","status-publish","format-standard","has-post-thumbnail","hentry","category-estado-de-mexico-estado-de-mexico","tag-estado-de-mexico","tag-juan-zepeda-hernandez","tag-prd"],"_links":{"self":[{"href":"https:\/\/www.diarioimagen.net\/index.php?rest_route=\/wp\/v2\/posts\/321060","targetHints":{"allow":["GET"]}}],"collection":[{"href":"https:\/\/www.diarioimagen.net\/index.php?rest_route=\/wp\/v2\/posts"}],"about":[{"href":"https:\/\/www.diarioimagen.net\/index.php?rest_route=\/wp\/v2\/types\/post"}],"author":[{"embeddable":true,"href":"https:\/\/www.diarioimagen.net\/index.php?rest_route=\/wp\/v2\/users\/3"}],"replies":[{"embeddable":true,"href":"https:\/\/www.diarioimagen.net\/index.php?rest_route=%2Fwp%2Fv2%2Fcomments&post=321060"}],"version-history":[{"count":0,"href":"https:\/\/www.diarioimagen.net\/index.php?rest_route=\/wp\/v2\/posts\/321060\/revisions"}],"wp:featuredmedia":[{"embeddable":true,"href":"https:\/\/www.diarioimagen.net\/index.php?rest_route=\/wp\/v2\/media\/321193"}],"wp:attachment":[{"href":"https:\/\/www.diarioimagen.net\/index.php?rest_route=%2Fwp%2Fv2%2Fmedia&parent=321060"}],"wp:term":[{"taxonomy":"category","embeddable":true,"href":"https:\/\/www.diarioimagen.net\/index.php?rest_route=%2Fwp%2Fv2%2Fcategories&post=321060"},{"taxonomy":"post_tag","embeddable":true,"href":"https:\/\/www.diarioimagen.net\/index.php?rest_route=%2Fwp%2Fv2%2Ftags&post=321060"}],"curies":[{"name":"wp","href":"https:\/\/api.w.org\/{rel}","templated":true}]}}