{"id":321166,"date":"2017-04-11T00:03:55","date_gmt":"2017-04-11T05:03:55","guid":{"rendered":"http:\/\/www.diarioimagen.net\/?p=321166"},"modified":"2017-04-11T03:07:12","modified_gmt":"2017-04-11T08:07:12","slug":"la-grilla-en-la-iglesia","status":"publish","type":"post","link":"https:\/\/www.diarioimagen.net\/?p=321166","title":{"rendered":"La \u201cgrilla en la Iglesia\u201d"},"content":{"rendered":"<h2>Folclor urbano<\/h2>\n<h5>Salvador Estrada<\/h5>\n<p>&nbsp;<\/p>\n<p>Las vacaciones de la llamada Semana Santa ya empezaron y con la ampliaci\u00f3n de carriles para cruzar Cuernavaca, los capitalinos se lanzar\u00e1n a \u201cdescansar\u201d al puerto de Acapulco y durante unos d\u00edas olvidarse de los aumentos de precios en los alimentos y en los \u201cgasolinazos\u201d.<\/p>\n<p>Aunque la mayor\u00eda son cat\u00f3licos, tambi\u00e9n se olvidan de su religi\u00f3n y se broncear\u00e1n en las playas y en las albercas y \u201cle dar\u00e1n vuelo a la hilacha\u201d y\u2026 despu\u00e9s endrogados ya veremos.<\/p>\n<p>La Arquidi\u00f3cesis no ha hecho ning\u00fan llamado a los fieles a que \u201cvivan sanamente la Semana Mayor y cumplan con su religi\u00f3n y no caigan en la tentaci\u00f3n de la fiesta en los d\u00edas de guardar.<\/p>\n<p>Sin embargo, la autoridad eclesi\u00e1stica s\u00ed est\u00e1 pendiente de\u00a0\u201cla pol\u00edtica gubernamental\u201d y ha declarado que las reformas energ\u00e9ticas \u201ccrean m\u00e1s pobres\u201d.<\/p>\n<p>\u201cLas reformas enriquecen a pocos y comienzan a crear muevas generaciones de pobres y que cada d\u00eda los consumidores y usuarios en el pa\u00eds se rascan los bolsillos\u201d.<\/p>\n<p>Y tambi\u00e9n ha dado a conocer la Iglesia cat\u00f3lica que es escandaloso el gasto electoral que ser\u00e1 de 4 mil millones de pesos y, adem\u00e1s, se\u00f1ala que las prerrogativas de los partidos pol\u00edticos contendientes ser\u00e1 de\u00a0mil 300 millones de pesos.<\/p>\n<p>El Estado de M\u00e9xico no se escapa del ojo escrutador y afirma que cada voto que se emita en esa entidad costar\u00e1 209 pesos y son 11 millones los inscritos en el padr\u00f3n electoral.<\/p>\n<p>Pero\u00a0 como la Constituci\u00f3n se\u00f1ala que en el Estado laico est\u00e1 prohibido\u00a0la participaci\u00f3n en pol\u00edtica de los representantes de la Iglesia, el gobernador del estado de Morelos, Graco Ram\u00edrez, ya peg\u00f3\u00a0\u201cel grito en el cielo\u201d y acus\u00f3 ante la Secretar\u00eda de\u00a0Gobernaci\u00f3n y la Nunciatura Apost\u00f3lica al obispo de Cuernavaca, Ram\u00f3n Castro Castro, de no\u00a0respetar los principios de laicidad del Estado, es decir que\u00a0\u201canda haciendo grilla\u201d.<\/p>\n<p>Bueno, la violaci\u00f3n del obispo fue convocar a una reuni\u00f3n donde participaron pol\u00edticos y el edil de Cuernavaca, Cuauht\u00e9moc Blanco,\u00a0para criticar\u00a0 al mandatario estatal.<\/p>\n<p>La acusaci\u00f3n del gobernador morelense dice que \u201cRam\u00f3n Castro Castro se involucra en asuntos pol\u00edticos cuando le est\u00e1 expresamente prohibido y, no solamente eso, sino que \u00e9l es el propio convocante a una reuni\u00f3n p\u00fablica para ello, transgrediendo de esta forma la naturaleza y funci\u00f3n religiosa\u201d.<\/p>\n<p>Ante esta advertencia de violaci\u00f3n a la ley, el subsecretario de Poblaci\u00f3n, Migraci\u00f3n y Asuntos Religiosos, Humberto Roque Villanueva, dio a conocer que ya se lleva a cabo una investigaci\u00f3n y le anunci\u00f3 al obispo Castro Castro \u201ccu\u00eddese porque est\u00e1 en los l\u00edmites de una sanci\u00f3n\u201d.<\/p>\n<p><em><a href=\"mailto:chavasec@yahoo.com.mx\" target=\"_blank\">chavasec@yahoo.com.mx<\/a><\/em><\/p>\n","protected":false},"excerpt":{"rendered":"<p><span style=\"color: #005497;\"><strong>Salvador Estrada<\/strong><\/span><\/p>\n","protected":false},"author":3,"featured_media":0,"comment_status":"open","ping_status":"open","sticky":false,"template":"","format":"standard","meta":{"_monsterinsights_skip_tracking":false,"_monsterinsights_sitenote_active":false,"_monsterinsights_sitenote_note":"","_monsterinsights_sitenote_category":0,"footnotes":""},"categories":[41601],"tags":[41599,43674,41600],"class_list":["post-321166","post","type-post","status-publish","format-standard","hentry","category-salvador-estrada-opinion","tag-folclor-urbano","tag-opinion","tag-salvador-estrada"],"_links":{"self":[{"href":"https:\/\/www.diarioimagen.net\/index.php?rest_route=\/wp\/v2\/posts\/321166","targetHints":{"allow":["GET"]}}],"collection":[{"href":"https:\/\/www.diarioimagen.net\/index.php?rest_route=\/wp\/v2\/posts"}],"about":[{"href":"https:\/\/www.diarioimagen.net\/index.php?rest_route=\/wp\/v2\/types\/post"}],"author":[{"embeddable":true,"href":"https:\/\/www.diarioimagen.net\/index.php?rest_route=\/wp\/v2\/users\/3"}],"replies":[{"embeddable":true,"href":"https:\/\/www.diarioimagen.net\/index.php?rest_route=%2Fwp%2Fv2%2Fcomments&post=321166"}],"version-history":[{"count":0,"href":"https:\/\/www.diarioimagen.net\/index.php?rest_route=\/wp\/v2\/posts\/321166\/revisions"}],"wp:attachment":[{"href":"https:\/\/www.diarioimagen.net\/index.php?rest_route=%2Fwp%2Fv2%2Fmedia&parent=321166"}],"wp:term":[{"taxonomy":"category","embeddable":true,"href":"https:\/\/www.diarioimagen.net\/index.php?rest_route=%2Fwp%2Fv2%2Fcategories&post=321166"},{"taxonomy":"post_tag","embeddable":true,"href":"https:\/\/www.diarioimagen.net\/index.php?rest_route=%2Fwp%2Fv2%2Ftags&post=321166"}],"curies":[{"name":"wp","href":"https:\/\/api.w.org\/{rel}","templated":true}]}}