{"id":321276,"date":"2017-04-12T00:09:22","date_gmt":"2017-04-12T05:09:22","guid":{"rendered":"http:\/\/www.diarioimagen.net\/?p=321276"},"modified":"2017-04-16T23:44:23","modified_gmt":"2017-04-17T04:44:23","slug":"sin-identificar-3-de-los-7-muertos-por-derrumbe-en-alvaro-obregon","status":"publish","type":"post","link":"https:\/\/www.diarioimagen.net\/?p=321276","title":{"rendered":"Investiga la PGJ las causas del derrumbe; van siete muertos"},"content":{"rendered":"<ul>\n<li><strong><em>En centro comercial en \u00c1lvaro Obreg\u00f3n<\/em><\/strong><\/li>\n<\/ul>\n<p>&nbsp;<\/p>\n<div id=\"attachment_321277\" style=\"width: 470px\" class=\"wp-caption aligncenter\"><a href=\"http:\/\/www.diarioimagen.net\/?attachment_id=321277\" rel=\"attachment wp-att-321277\"><img loading=\"lazy\" decoding=\"async\" aria-describedby=\"caption-attachment-321277\" class=\"wp-image-321277 size-large\" src=\"http:\/\/www.diarioimagen.net\/wp-content\/uploads\/2017\/04\/DERRUMBE12-portal-460x268.jpg\" alt=\"\" width=\"460\" height=\"268\" srcset=\"https:\/\/www.diarioimagen.net\/wp-content\/uploads\/2017\/04\/DERRUMBE12-portal-460x268.jpg 460w, https:\/\/www.diarioimagen.net\/wp-content\/uploads\/2017\/04\/DERRUMBE12-portal-240x140.jpg 240w, https:\/\/www.diarioimagen.net\/wp-content\/uploads\/2017\/04\/DERRUMBE12-portal.jpg 480w\" sizes=\"auto, (max-width: 460px) 100vw, 460px\" \/><\/a><p id=\"caption-attachment-321277\" class=\"wp-caption-text\">La Procuradur\u00eda investiga si el director de la obra tuvo responsabilidad en el incidente que dej\u00f3 siete personas muertas.<\/p><\/div>\n<p>&nbsp;<\/p>\n<p>La Procuradur\u00eda General de Justicia de la Ciudad de M\u00e9xico (PGJCDMX) inform\u00f3 que no han sido identificadas tres de las siete personas que fallecieron la tarde del lunes durante un derrumbe ocurrido en un estacionamiento en construcci\u00f3n en la colonia Olivar de los Padres, en la delegaci\u00f3n \u00c1lvaro Obreg\u00f3n.<\/p>\n<p>Las tres personas tienen 22, 23 y 38 a\u00f1os de edad; mientras que los cuatro que ya fueron reconocidos tienen entre 21 y 40 a\u00f1os.<\/p>\n<p>La PGJCDMX record\u00f3 que hasta el momento hay otras nueve personas internadas en diferentes nosocomios, tres en el Hospital de Traumatolog\u00eda y Ortopedia; otras seis est\u00e1n en la Cruz Roja de Polanco.<\/p>\n<p>La Procuradur\u00eda capitalina contin\u00faa con las investigaciones para esclarecer los hechos e inform\u00f3 que hasta el momento ha entrevistado a testigos, entre los que destacan una param\u00e9dica de la obra, quien atendi\u00f3 a los lesionados en el lugar, as\u00ed como al representante de la construcci\u00f3n y al operador de la gr\u00faa.<\/p>\n<p>Investiga si el director de la obra que colaps\u00f3 en \u00c1lvaro Obreg\u00f3n tuvo responsabilidad en el incidente que dej\u00f3 siete personas muertas.<\/p>\n<p>En una ficha informativa, el gobierno capitalino inform\u00f3 que la zona permanecer\u00e1 resguardada durante los peritajes de seguridad industrial y arquitectura para establecer las causas del derrumbe.<\/p>\n<p>A trav\u00e9s del Ministerio P\u00fablico en \u00c1lvaro Obreg\u00f3n, informaron, se solicitar\u00e1 a la empresa los permisos de construcci\u00f3n de la obra en Avenida Toluca 481, Colonia Olivar de los Padres.<\/p>\n<p>De las 9 personas que se encuentran hospitalizadas, cuatro reciben atenci\u00f3n en el Hospital de Trauma Sur IMSS, mientras que el resto permanece en la Cruz Roja de Polanco.<\/p>\n<p>\u201cConcluida la parte de la investigaci\u00f3n, la constructora deber\u00e1 proceder a informar a la Secretar\u00eda de Protecci\u00f3n Civil y a la Delegaci\u00f3n, las obras de mitigaci\u00f3n que se tendr\u00e1n que llevar a cabo a fin de restablecer la situaci\u00f3n\u201d, subray\u00f3 la administraci\u00f3n capitalina.<\/p>\n<p>&nbsp;<\/p>\n","protected":false},"excerpt":{"rendered":"<p>La Procuradur\u00eda General de Justicia de la Ciudad de M\u00e9xico (PGJCDMX) inform\u00f3 que no han sido identificadas tres de las siete personas que fallecieron la tarde del lunes durante un derrumbe ocurrido en un estacionamiento en construcci\u00f3n en la colonia Olivar de los Padres, en la delegaci\u00f3n \u00c1lvaro Obreg\u00f3n.<\/p>\n","protected":false},"author":5,"featured_media":321277,"comment_status":"open","ping_status":"open","sticky":false,"template":"","format":"standard","meta":{"_monsterinsights_skip_tracking":false,"_monsterinsights_sitenote_active":false,"_monsterinsights_sitenote_note":"","_monsterinsights_sitenote_category":0,"footnotes":""},"categories":[6],"tags":[1324,204,17520],"class_list":["post-321276","post","type-post","status-publish","format-standard","has-post-thumbnail","hentry","category-cd-de-mexico","tag-alvaro-obregon","tag-ciudad-de-mexico","tag-tragedia"],"_links":{"self":[{"href":"https:\/\/www.diarioimagen.net\/index.php?rest_route=\/wp\/v2\/posts\/321276","targetHints":{"allow":["GET"]}}],"collection":[{"href":"https:\/\/www.diarioimagen.net\/index.php?rest_route=\/wp\/v2\/posts"}],"about":[{"href":"https:\/\/www.diarioimagen.net\/index.php?rest_route=\/wp\/v2\/types\/post"}],"author":[{"embeddable":true,"href":"https:\/\/www.diarioimagen.net\/index.php?rest_route=\/wp\/v2\/users\/5"}],"replies":[{"embeddable":true,"href":"https:\/\/www.diarioimagen.net\/index.php?rest_route=%2Fwp%2Fv2%2Fcomments&post=321276"}],"version-history":[{"count":0,"href":"https:\/\/www.diarioimagen.net\/index.php?rest_route=\/wp\/v2\/posts\/321276\/revisions"}],"wp:featuredmedia":[{"embeddable":true,"href":"https:\/\/www.diarioimagen.net\/index.php?rest_route=\/wp\/v2\/media\/321277"}],"wp:attachment":[{"href":"https:\/\/www.diarioimagen.net\/index.php?rest_route=%2Fwp%2Fv2%2Fmedia&parent=321276"}],"wp:term":[{"taxonomy":"category","embeddable":true,"href":"https:\/\/www.diarioimagen.net\/index.php?rest_route=%2Fwp%2Fv2%2Fcategories&post=321276"},{"taxonomy":"post_tag","embeddable":true,"href":"https:\/\/www.diarioimagen.net\/index.php?rest_route=%2Fwp%2Fv2%2Ftags&post=321276"}],"curies":[{"name":"wp","href":"https:\/\/api.w.org\/{rel}","templated":true}]}}