{"id":321502,"date":"2017-04-14T00:11:54","date_gmt":"2017-04-14T05:11:54","guid":{"rendered":"http:\/\/www.diarioimagen.net\/?p=321502"},"modified":"2017-04-16T23:45:03","modified_gmt":"2017-04-17T04:45:03","slug":"se-espera-de-nuevo-fenomeno-el-nino-en-el-pacifico-este-ano","status":"publish","type":"post","link":"https:\/\/www.diarioimagen.net\/?p=321502","title":{"rendered":"Se espera de nuevo fen\u00f3meno <i>El Ni\u00f1o <\/i>en el Pac\u00edfico este a\u00f1o"},"content":{"rendered":"<ul>\n<li><em><b>Dr\u00e1sticos cambios climatol\u00f3gicos<\/b><\/em><\/li>\n<\/ul>\n<p>&nbsp;<\/p>\n<div id=\"attachment_321503\" style=\"width: 470px\" class=\"wp-caption aligncenter\"><a href=\"http:\/\/www.diarioimagen.net\/?attachment_id=321503\" rel=\"attachment wp-att-321503\"><img loading=\"lazy\" decoding=\"async\" aria-describedby=\"caption-attachment-321503\" class=\"size-large wp-image-321503\" src=\"http:\/\/www.diarioimagen.net\/wp-content\/uploads\/2017\/04\/nino-3099-460x259.jpg\" alt=\"\" width=\"460\" height=\"259\" srcset=\"https:\/\/www.diarioimagen.net\/wp-content\/uploads\/2017\/04\/nino-3099-460x259.jpg 460w, https:\/\/www.diarioimagen.net\/wp-content\/uploads\/2017\/04\/nino-3099-240x135.jpg 240w, https:\/\/www.diarioimagen.net\/wp-content\/uploads\/2017\/04\/nino-3099-235x132.jpg 235w, https:\/\/www.diarioimagen.net\/wp-content\/uploads\/2017\/04\/nino-3099-202x114.jpg 202w, https:\/\/www.diarioimagen.net\/wp-content\/uploads\/2017\/04\/nino-3099-350x196.jpg 350w, https:\/\/www.diarioimagen.net\/wp-content\/uploads\/2017\/04\/nino-3099-220x123.jpg 220w, https:\/\/www.diarioimagen.net\/wp-content\/uploads\/2017\/04\/nino-3099-237x132.jpg 237w, https:\/\/www.diarioimagen.net\/wp-content\/uploads\/2017\/04\/nino-3099.jpg 480w\" sizes=\"auto, (max-width: 460px) 100vw, 460px\" \/><\/a><p id=\"caption-attachment-321503\" class=\"wp-caption-text\">El a\u00f1o pasado <em>El Ni\u00f1o<\/em> se prolong\u00f3 por m\u00e1s de 14 meses, y luego de una \u00e9poca neutral se present\u00f3 <em>La Ni\u00f1a<\/em>, en octubre, que s\u00f3lo dur\u00f3 un mes.<\/p><\/div>\n<p>&nbsp;<\/p>\n<p>Por primera vez en la historia de la climatolog\u00eda, se pronostica que este a\u00f1o se presente de manera consecutiva el fen\u00f3meno de <i>El Ni\u00f1o<\/i> en el oc\u00e9ano Pac\u00edfico, inform\u00f3 Roberto Ram\u00edrez de la Parra, titular de la Conagua.<\/p>\n<p>El director general de la Comisi\u00f3n Nacional del Agua (Conagua) anunci\u00f3 apoyos por 345 millones de pesos para 28 municipios de la zona del Istmo de Tehuantec, Oaxaca, para prevenir efectos de la sequ\u00eda, y habl\u00f3 de la situaci\u00f3n inusual.<\/p>\n<p>\u201cNunca antes de hab\u00eda presentado, desde que se tiene registro, un <i>Ni\u00f1o<\/i>, una <i>Ni\u00f1a<\/i> y un <i>Ni\u00f1o<\/i>, de manera consecutiva\u201d, dijo el funcionario, quien a\u00f1adi\u00f3 que en 2016 las condiciones favorecieron la presencia de ambos fen\u00f3menos, los cuales provocan dr\u00e1sticos cambios climatol\u00f3gicos como lluvias intensas o sequ\u00eda.<\/p>\n<p>El a\u00f1o pasado <i>El Ni\u00f1o<\/i> se prolong\u00f3 por m\u00e1s de 14 meses, y luego de una \u00e9poca neutral se present\u00f3 <i>La Ni\u00f1a<\/i>, en octubre, que s\u00f3lo dur\u00f3 un mes. Debido a que estos hechos han sido consecutivos \u201cno habr\u00eda manera de asimilar el a\u00f1o 2017 a otro a\u00f1o en la historia en la parte de la climatolog\u00eda\u201d, a\u00f1adi\u00f3.<\/p>\n<p>Ram\u00edrez de la Parra explic\u00f3 que ante tal situaci\u00f3n se podr\u00eda presentar un momento dif\u00edcil para pronosticar el tema de las lluvias, aunque que el fen\u00f3meno de <i>El Ni\u00f1o <\/i>se espera para el \u00faltimo trimestre del presente a\u00f1o.<\/p>\n<p>El hecho de que <i>El Ni\u00f1o<\/i> llegue a finales de 2017 no tiene por qu\u00e9 afectar la temporada de lluvias, que hasta este momento se espera que sea una temporada promedio, y el pron\u00f3stico se dar\u00e1 a conocer en mayo.<\/p>\n<p>En cuanto a la Ciudad de\u00a0 M\u00e9xico, el director de la Conagua se\u00f1al\u00f3 que aunque no ha habido muchas lluvias el suministro de agua est\u00e1 garantizado.<\/p>\n<p>&nbsp;<\/p>\n","protected":false},"excerpt":{"rendered":"<p>Por primera vez en la historia de la climatolog\u00eda, se pronostica que este a\u00f1o se presente de manera consecutiva el fen\u00f3meno de <i>El Ni\u00f1o<\/i> en el oc\u00e9ano Pac\u00edfico, inform\u00f3 Roberto Ram\u00edrez de la Parra, titular de la Conagua.<\/p>\n","protected":false},"author":1,"featured_media":321503,"comment_status":"open","ping_status":"open","sticky":false,"template":"","format":"standard","meta":{"_monsterinsights_skip_tracking":false,"_monsterinsights_sitenote_active":false,"_monsterinsights_sitenote_note":"","_monsterinsights_sitenote_category":0,"footnotes":""},"categories":[3],"tags":[14047,531,33662,43673],"class_list":["post-321502","post","type-post","status-publish","format-standard","has-post-thumbnail","hentry","category-nacional","tag-clima","tag-conagua","tag-el-nino","tag-nacional"],"_links":{"self":[{"href":"https:\/\/www.diarioimagen.net\/index.php?rest_route=\/wp\/v2\/posts\/321502","targetHints":{"allow":["GET"]}}],"collection":[{"href":"https:\/\/www.diarioimagen.net\/index.php?rest_route=\/wp\/v2\/posts"}],"about":[{"href":"https:\/\/www.diarioimagen.net\/index.php?rest_route=\/wp\/v2\/types\/post"}],"author":[{"embeddable":true,"href":"https:\/\/www.diarioimagen.net\/index.php?rest_route=\/wp\/v2\/users\/1"}],"replies":[{"embeddable":true,"href":"https:\/\/www.diarioimagen.net\/index.php?rest_route=%2Fwp%2Fv2%2Fcomments&post=321502"}],"version-history":[{"count":0,"href":"https:\/\/www.diarioimagen.net\/index.php?rest_route=\/wp\/v2\/posts\/321502\/revisions"}],"wp:featuredmedia":[{"embeddable":true,"href":"https:\/\/www.diarioimagen.net\/index.php?rest_route=\/wp\/v2\/media\/321503"}],"wp:attachment":[{"href":"https:\/\/www.diarioimagen.net\/index.php?rest_route=%2Fwp%2Fv2%2Fmedia&parent=321502"}],"wp:term":[{"taxonomy":"category","embeddable":true,"href":"https:\/\/www.diarioimagen.net\/index.php?rest_route=%2Fwp%2Fv2%2Fcategories&post=321502"},{"taxonomy":"post_tag","embeddable":true,"href":"https:\/\/www.diarioimagen.net\/index.php?rest_route=%2Fwp%2Fv2%2Ftags&post=321502"}],"curies":[{"name":"wp","href":"https:\/\/api.w.org\/{rel}","templated":true}]}}