{"id":322003,"date":"2017-04-19T00:04:17","date_gmt":"2017-04-19T05:04:17","guid":{"rendered":"http:\/\/www.diarioimagen.net\/?p=322003"},"modified":"2017-04-19T23:12:17","modified_gmt":"2017-04-20T04:12:17","slug":"reportan-granizada-en-la-autopista-mexico-cuernavaca","status":"publish","type":"post","link":"https:\/\/www.diarioimagen.net\/?p=322003","title":{"rendered":"Se registra granizada en la autopista en la M\u00e9xico-Cuernavaca"},"content":{"rendered":"<ul>\n<li><em><strong>Pronostican fr\u00edo y lluvia fuerte por la noche<\/strong><\/em><\/li>\n<\/ul>\n<p>&nbsp;<\/p>\n<div id=\"attachment_322004\" style=\"width: 470px\" class=\"wp-caption aligncenter\"><a href=\"http:\/\/www.diarioimagen.net\/?attachment_id=322004\" rel=\"attachment wp-att-322004\"><img loading=\"lazy\" decoding=\"async\" aria-describedby=\"caption-attachment-322004\" class=\"wp-image-322004 size-large\" src=\"http:\/\/www.diarioimagen.net\/wp-content\/uploads\/2017\/04\/GRANIZADA19-portal-460x268.jpg\" alt=\"\" width=\"460\" height=\"268\" srcset=\"https:\/\/www.diarioimagen.net\/wp-content\/uploads\/2017\/04\/GRANIZADA19-portal-460x268.jpg 460w, https:\/\/www.diarioimagen.net\/wp-content\/uploads\/2017\/04\/GRANIZADA19-portal-240x140.jpg 240w, https:\/\/www.diarioimagen.net\/wp-content\/uploads\/2017\/04\/GRANIZADA19-portal.jpg 480w\" sizes=\"auto, (max-width: 460px) 100vw, 460px\" \/><\/a><p id=\"caption-attachment-322004\" class=\"wp-caption-text\">Se registr\u00f3 ca\u00edda de lluvia y granizo en la autopista M\u00e9xico-Cuernavaca.<\/p><\/div>\n<p>&nbsp;<\/p>\n<p>La Polic\u00eda Federal inform\u00f3 que se registr\u00f3 una granizada en la autopista M\u00e9xico-Cuernavaca, por lo que se implement\u00f3 un operativo de vialidad del kil\u00f3metro 42 al 44; adem\u00e1s alert\u00f3 a los automovilistas a conducir con precauci\u00f3n. En un video difundido a trav\u00e9s de la cuenta @Polic\u00edaFedMx, se observa la carretera cubierta de granizo.<\/p>\n<p style=\"text-align: center;\"><strong>Pronostican fr\u00edo y lluvia fuerte por la noche<\/strong><\/p>\n<p>Para las pr\u00f3ximas 24 horas se espera para la Ciudad de M\u00e9xico cielo nublado con lluvias ligeras generalizadas durante la tarde-noche y una temperatura m\u00ednima de 13 grados Celsius durante la noche.<\/p>\n<p>Las precipitaciones fuertes acompa\u00f1adas de tormentas el\u00e9ctricas y ca\u00edda de granizo se pronostican para el norte y poniente de la capital, inform\u00f3 la Secretar\u00eda de Protecci\u00f3n Civil de la Ciudad de M\u00e9xico.<\/p>\n<p>Adem\u00e1s, soplar\u00e1n vientos de componente occidental de 15 a 30 kil\u00f3metros por hora con rachas de 50 kil\u00f3metros por hora.<\/p>\n<p>Detall\u00f3 que en el territorio nacional hay una corriente en chorro que cruza el pa\u00eds y se asocia con dos canales de baja presi\u00f3n a nivel de superficie; uno, se extiende sobre el norte y occidente y otro, sobre el sureste.<\/p>\n<p>Estas condiciones favorecen la entrada de aire h\u00famedo proveniente del oc\u00e9ano Pac\u00edfico y el Golfo de M\u00e9xico hacia los estados del interior, donde se presentar\u00e1n lluvias, tormentas el\u00e9ctricas y vientos fuertes.<\/p>\n<p>&nbsp;<\/p>\n","protected":false},"excerpt":{"rendered":"<p>La Polic\u00eda Federal inform\u00f3 que se registr\u00f3 una granizada en la autopista M\u00e9xico-Cuernavaca, por lo que se implement\u00f3 un operativo de vialidad del kil\u00f3metro 42 al 44; adem\u00e1s alert\u00f3 a los automovilistas a conducir con precauci\u00f3n. En un video difundido a trav\u00e9s de la cuenta @Polic\u00edaFedMx, se observa la carretera cubierta de granizo.<\/p>\n","protected":false},"author":5,"featured_media":322004,"comment_status":"open","ping_status":"open","sticky":false,"template":"","format":"standard","meta":{"_monsterinsights_skip_tracking":false,"_monsterinsights_sitenote_active":false,"_monsterinsights_sitenote_note":"","_monsterinsights_sitenote_category":0,"footnotes":""},"categories":[3],"tags":[28136,26029],"class_list":["post-322003","post","type-post","status-publish","format-standard","has-post-thumbnail","hentry","category-nacional","tag-granizada","tag-mexico-cuernavaca"],"_links":{"self":[{"href":"https:\/\/www.diarioimagen.net\/index.php?rest_route=\/wp\/v2\/posts\/322003","targetHints":{"allow":["GET"]}}],"collection":[{"href":"https:\/\/www.diarioimagen.net\/index.php?rest_route=\/wp\/v2\/posts"}],"about":[{"href":"https:\/\/www.diarioimagen.net\/index.php?rest_route=\/wp\/v2\/types\/post"}],"author":[{"embeddable":true,"href":"https:\/\/www.diarioimagen.net\/index.php?rest_route=\/wp\/v2\/users\/5"}],"replies":[{"embeddable":true,"href":"https:\/\/www.diarioimagen.net\/index.php?rest_route=%2Fwp%2Fv2%2Fcomments&post=322003"}],"version-history":[{"count":0,"href":"https:\/\/www.diarioimagen.net\/index.php?rest_route=\/wp\/v2\/posts\/322003\/revisions"}],"wp:featuredmedia":[{"embeddable":true,"href":"https:\/\/www.diarioimagen.net\/index.php?rest_route=\/wp\/v2\/media\/322004"}],"wp:attachment":[{"href":"https:\/\/www.diarioimagen.net\/index.php?rest_route=%2Fwp%2Fv2%2Fmedia&parent=322003"}],"wp:term":[{"taxonomy":"category","embeddable":true,"href":"https:\/\/www.diarioimagen.net\/index.php?rest_route=%2Fwp%2Fv2%2Fcategories&post=322003"},{"taxonomy":"post_tag","embeddable":true,"href":"https:\/\/www.diarioimagen.net\/index.php?rest_route=%2Fwp%2Fv2%2Ftags&post=322003"}],"curies":[{"name":"wp","href":"https:\/\/api.w.org\/{rel}","templated":true}]}}