{"id":322318,"date":"2017-04-20T00:05:20","date_gmt":"2017-04-20T05:05:20","guid":{"rendered":"http:\/\/www.diarioimagen.net\/?p=322318"},"modified":"2017-04-20T04:49:12","modified_gmt":"2017-04-20T09:49:12","slug":"jorge-zepeda-patterson-presento-los-usurpadores-en-la-uaem","status":"publish","type":"post","link":"https:\/\/www.diarioimagen.net\/?p=322318","title":{"rendered":"Jorge Zepeda Patterson present\u00f3 <em>Los usurpadores<\/em>, en la UAEM"},"content":{"rendered":"<p><a href=\"http:\/\/www.diarioimagen.net\/?attachment_id=322396\" rel=\"attachment wp-att-322396\"><img loading=\"lazy\" decoding=\"async\" class=\"aligncenter size-large wp-image-322396\" src=\"http:\/\/www.diarioimagen.net\/wp-content\/uploads\/2017\/04\/UAEM-3103-460x259.jpg\" alt=\"\" width=\"460\" height=\"259\" srcset=\"https:\/\/www.diarioimagen.net\/wp-content\/uploads\/2017\/04\/UAEM-3103-460x259.jpg 460w, https:\/\/www.diarioimagen.net\/wp-content\/uploads\/2017\/04\/UAEM-3103-240x135.jpg 240w, https:\/\/www.diarioimagen.net\/wp-content\/uploads\/2017\/04\/UAEM-3103-235x132.jpg 235w, https:\/\/www.diarioimagen.net\/wp-content\/uploads\/2017\/04\/UAEM-3103-202x114.jpg 202w, https:\/\/www.diarioimagen.net\/wp-content\/uploads\/2017\/04\/UAEM-3103-350x196.jpg 350w, https:\/\/www.diarioimagen.net\/wp-content\/uploads\/2017\/04\/UAEM-3103-220x123.jpg 220w, https:\/\/www.diarioimagen.net\/wp-content\/uploads\/2017\/04\/UAEM-3103-237x132.jpg 237w, https:\/\/www.diarioimagen.net\/wp-content\/uploads\/2017\/04\/UAEM-3103.jpg 480w\" sizes=\"auto, (max-width: 460px) 100vw, 460px\" \/><\/a><\/p>\n<p>&nbsp;<\/p>\n<p>En el marco del Programa \u201cAbril, mes de la lectura\u201d de la Universidad Aut\u00f3noma del Estado de M\u00e9xico, el periodista, escritor, analista pol\u00edtico, economista y soci\u00f3logo mexicano, Jorge Zepeda Patterson, present\u00f3\u00a0<em>Los usurpadores<\/em>, su m\u00e1s reciente novela.<\/p>\n<p>En este ejercicio acad\u00e9mico y cultural que la m\u00e1xima casa de estudios mexiquense realiza desde hace 21 a\u00f1os, con la finalidad de fomentar el h\u00e1bito de la lectura, y que en esta ocasi\u00f3n dedica al escritor mexicano Juan Rulfo, el director de <em>Sinembargo.mx,<\/em> destac\u00f3 ante los universitarios, principalmente estudiantes, la importancia que tiene la literatura para poner en movimiento verdades que el ejercicio period\u00edstico no puede.<\/p>\n","protected":false},"excerpt":{"rendered":"<p>En el marco del Programa \u201cAbril, mes de la lectura\u201d de la Universidad Aut\u00f3noma del Estado de M\u00e9xico, el periodista, escritor, analista pol\u00edtico, economista y soci\u00f3logo mexicano, Jorge Zepeda Patterson, present\u00f3 <em>Los usurpadores<\/em>, su m\u00e1s reciente novela.<\/p>\n","protected":false},"author":3,"featured_media":322396,"comment_status":"open","ping_status":"open","sticky":false,"template":"","format":"standard","meta":{"_monsterinsights_skip_tracking":false,"_monsterinsights_sitenote_active":false,"_monsterinsights_sitenote_note":"","_monsterinsights_sitenote_category":0,"footnotes":""},"categories":[35155],"tags":[43675,1491],"class_list":["post-322318","post","type-post","status-publish","format-standard","has-post-thumbnail","hentry","category-estado-de-mexico-estado-de-mexico","tag-estado-de-mexico","tag-uaem"],"_links":{"self":[{"href":"https:\/\/www.diarioimagen.net\/index.php?rest_route=\/wp\/v2\/posts\/322318","targetHints":{"allow":["GET"]}}],"collection":[{"href":"https:\/\/www.diarioimagen.net\/index.php?rest_route=\/wp\/v2\/posts"}],"about":[{"href":"https:\/\/www.diarioimagen.net\/index.php?rest_route=\/wp\/v2\/types\/post"}],"author":[{"embeddable":true,"href":"https:\/\/www.diarioimagen.net\/index.php?rest_route=\/wp\/v2\/users\/3"}],"replies":[{"embeddable":true,"href":"https:\/\/www.diarioimagen.net\/index.php?rest_route=%2Fwp%2Fv2%2Fcomments&post=322318"}],"version-history":[{"count":0,"href":"https:\/\/www.diarioimagen.net\/index.php?rest_route=\/wp\/v2\/posts\/322318\/revisions"}],"wp:featuredmedia":[{"embeddable":true,"href":"https:\/\/www.diarioimagen.net\/index.php?rest_route=\/wp\/v2\/media\/322396"}],"wp:attachment":[{"href":"https:\/\/www.diarioimagen.net\/index.php?rest_route=%2Fwp%2Fv2%2Fmedia&parent=322318"}],"wp:term":[{"taxonomy":"category","embeddable":true,"href":"https:\/\/www.diarioimagen.net\/index.php?rest_route=%2Fwp%2Fv2%2Fcategories&post=322318"},{"taxonomy":"post_tag","embeddable":true,"href":"https:\/\/www.diarioimagen.net\/index.php?rest_route=%2Fwp%2Fv2%2Ftags&post=322318"}],"curies":[{"name":"wp","href":"https:\/\/api.w.org\/{rel}","templated":true}]}}