{"id":322324,"date":"2017-04-20T00:10:09","date_gmt":"2017-04-20T05:10:09","guid":{"rendered":"http:\/\/www.diarioimagen.net\/?p=322324"},"modified":"2017-04-20T23:44:39","modified_gmt":"2017-04-21T04:44:39","slug":"epn-mexico-ve-el-futuro-con-confianza-y-optimismo","status":"publish","type":"post","link":"https:\/\/www.diarioimagen.net\/?p=322324","title":{"rendered":"EPN: M\u00e9xico ve el futuro con confianza y optimismo"},"content":{"rendered":"<ul>\n<li><strong><em>Gracias a las fuerzas armadas<\/em><\/strong><\/li>\n<\/ul>\n<p>&nbsp;<\/p>\n<div id=\"attachment_322423\" style=\"width: 470px\" class=\"wp-caption aligncenter\"><a href=\"http:\/\/www.diarioimagen.net\/?attachment_id=322423\" rel=\"attachment wp-att-322423\"><img loading=\"lazy\" decoding=\"async\" aria-describedby=\"caption-attachment-322423\" class=\"size-large wp-image-322423\" src=\"http:\/\/www.diarioimagen.net\/wp-content\/uploads\/2017\/04\/epn-3103-460x259.jpg\" alt=\"\" width=\"460\" height=\"259\" srcset=\"https:\/\/www.diarioimagen.net\/wp-content\/uploads\/2017\/04\/epn-3103-460x259.jpg 460w, https:\/\/www.diarioimagen.net\/wp-content\/uploads\/2017\/04\/epn-3103-240x135.jpg 240w, https:\/\/www.diarioimagen.net\/wp-content\/uploads\/2017\/04\/epn-3103-235x132.jpg 235w, https:\/\/www.diarioimagen.net\/wp-content\/uploads\/2017\/04\/epn-3103-202x114.jpg 202w, https:\/\/www.diarioimagen.net\/wp-content\/uploads\/2017\/04\/epn-3103-350x196.jpg 350w, https:\/\/www.diarioimagen.net\/wp-content\/uploads\/2017\/04\/epn-3103-220x123.jpg 220w, https:\/\/www.diarioimagen.net\/wp-content\/uploads\/2017\/04\/epn-3103-237x132.jpg 237w, https:\/\/www.diarioimagen.net\/wp-content\/uploads\/2017\/04\/epn-3103.jpg 480w\" sizes=\"auto, (max-width: 460px) 100vw, 460px\" \/><\/a><p id=\"caption-attachment-322423\" class=\"wp-caption-text\">Luego de develar la placa inaugural del Hospital Militar Regional de Especialidades, Enrique Pe\u00f1a Nieto reconoci\u00f3 la institucionalidad y lealtad a toda prueba de los militares.<\/p><\/div>\n<p>&nbsp;<\/p>\n<p>Mientras M\u00e9xico cuente con los elementos de las fuerzas armadas, los mexicanos veremos el futuro con confianza y optimismo, dijo el presidente Enrique Pe\u00f1a Nieto.<\/p>\n<p>\u201cMientras contemos con elementos como ustedes, los mexicanos veremos el futuro con confianza y optimismo\u201d, indic\u00f3 el mandatario frente a elementos castrenses, durante la inauguraci\u00f3n del Hospital Militar Regional de Especialidades de Monterrey.<\/p>\n<p>Luego de develar la placa inaugural y hacer un recorrido por el nosocomio, reconoci\u00f3 la institucionalidad y lealtad a toda prueba de los militares, que con su trabajo \u201ccontribuyen a construir una naci\u00f3n m\u00e1s segura e igualitaria\u201d.<\/p>\n<p>Acompa\u00f1ado por los secretarios de la Defensa Nacional, Salvador Cienfuegos Zepeda, y de Marina, Vidal Francisco Sober\u00f3n Sanz, sostuvo que por ello su gobierno tiene \u201cun fuerte compromiso con los integrantes de las fuerzas armadas\u201d.<\/p>\n<p>Reconoci\u00f3 a sus integrantes que se desempe\u00f1an con absoluta lealtad, entrega, compromiso y patriotismo, pero sobre todo con un enorme amor a M\u00e9xico, \u201cen esta labor que hacen por cuidar la seguridad de las familias mexicanas\u201d.<\/p>\n<p>Este hospital, destac\u00f3, en el que se invirtieron m\u00e1s de 500 millones de pesos para su construcci\u00f3n y que cuenta con 32 especialidades, tambi\u00e9n brindar\u00e1 atenci\u00f3n a personal militar y derechohabientes de los estados de Coahuila, San Luis Potos\u00ed y Tamaulipas.<\/p>\n<p>En el acto, al que asisti\u00f3 el gobernador de Nuevo Le\u00f3n, Jaime Rodr\u00edguez Calder\u00f3n, indic\u00f3 que estos centros m\u00e9dicos realizan una labor importante, pues adem\u00e1s prestan auxilio a los elementos que eventualmente resultan lesionados durante enfrentamientos con integrantes del crimen organizado.<\/p>\n<p>Al hacer un reconocimiento especial al personal m\u00e9dico y de enfermer\u00eda, el Presidente, en su calidad de comandante supremo de las fuerzas armadas, destac\u00f3 la construcci\u00f3n de cuatro hospitales en lo que va del sexenio, y uno en proceso en Yucat\u00e1n, que equivale a 10 por ciento del total de los 51 nosocomios militares en todo el pa\u00eds.<\/p>\n<p>Al t\u00e9rmino del acto, se dirigi\u00f3 al municipio de Apodaca, para inaugurar el Centro de Desarrollo Infantil (Cendi) n\u00famero 8, y destac\u00f3 que en todo el pa\u00eds funcionan 26 centros de ese tipo, que atienden a tres mil 700 ni\u00f1as y ni\u00f1os.<\/p>\n<p>Este centro tuvo una inversi\u00f3n total de 40 millones de pesos y proporcionar\u00e1 servicios de educaci\u00f3n inicial y preescolar a partir de 43 d\u00edas de nacidos hasta los cinco a\u00f1os, 11 meses; m\u00e9dico, odontopediatr\u00eda, psicol\u00f3gico, nutrici\u00f3n y estancia de 24 horas.<\/p>\n<p>En esta gira, el jefe del Ejecutivo federal tambi\u00e9n inaugur\u00f3 una sucursal del Banco Nacional del Ej\u00e9rcito, Fuerza A\u00e9rea y Armada (Banj\u00e9rcito), que atender\u00e1 a m\u00e1s de 8 mil 650 personas, entre militares activos y retirados, derechohabientes y pensionistas.<\/p>\n<p>En este tema, Pe\u00f1a Nieto apunt\u00f3 que de las 66 sucursales que existen en el pa\u00eds, 15 se inauguraron en esta administraci\u00f3n, es decir, una cuarta parte de las que hay en todo el territorio, adem\u00e1s de que la cartera crediticia alcanz\u00f3 m\u00e1s de 35 mil millones de pesos, un aumento de 90 por ciento respecto al que hab\u00eda en 2012.<\/p>\n","protected":false},"excerpt":{"rendered":"<p>Mientras M\u00e9xico cuente con los elementos de las fuerzas armadas, los mexicanos veremos el futuro con confianza y optimismo, dijo el presidente Enrique Pe\u00f1a Nieto.<\/p>\n","protected":false},"author":3,"featured_media":322423,"comment_status":"open","ping_status":"open","sticky":false,"template":"","format":"standard","meta":{"_monsterinsights_skip_tracking":false,"_monsterinsights_sitenote_active":false,"_monsterinsights_sitenote_note":"","_monsterinsights_sitenote_category":0,"footnotes":""},"categories":[3],"tags":[10770,18,43673],"class_list":["post-322324","post","type-post","status-publish","format-standard","has-post-thumbnail","hentry","category-nacional","tag-confianza","tag-enrique-pena-nieto","tag-nacional"],"_links":{"self":[{"href":"https:\/\/www.diarioimagen.net\/index.php?rest_route=\/wp\/v2\/posts\/322324","targetHints":{"allow":["GET"]}}],"collection":[{"href":"https:\/\/www.diarioimagen.net\/index.php?rest_route=\/wp\/v2\/posts"}],"about":[{"href":"https:\/\/www.diarioimagen.net\/index.php?rest_route=\/wp\/v2\/types\/post"}],"author":[{"embeddable":true,"href":"https:\/\/www.diarioimagen.net\/index.php?rest_route=\/wp\/v2\/users\/3"}],"replies":[{"embeddable":true,"href":"https:\/\/www.diarioimagen.net\/index.php?rest_route=%2Fwp%2Fv2%2Fcomments&post=322324"}],"version-history":[{"count":0,"href":"https:\/\/www.diarioimagen.net\/index.php?rest_route=\/wp\/v2\/posts\/322324\/revisions"}],"wp:featuredmedia":[{"embeddable":true,"href":"https:\/\/www.diarioimagen.net\/index.php?rest_route=\/wp\/v2\/media\/322423"}],"wp:attachment":[{"href":"https:\/\/www.diarioimagen.net\/index.php?rest_route=%2Fwp%2Fv2%2Fmedia&parent=322324"}],"wp:term":[{"taxonomy":"category","embeddable":true,"href":"https:\/\/www.diarioimagen.net\/index.php?rest_route=%2Fwp%2Fv2%2Fcategories&post=322324"},{"taxonomy":"post_tag","embeddable":true,"href":"https:\/\/www.diarioimagen.net\/index.php?rest_route=%2Fwp%2Fv2%2Ftags&post=322324"}],"curies":[{"name":"wp","href":"https:\/\/api.w.org\/{rel}","templated":true}]}}