{"id":322485,"date":"2017-04-21T00:09:42","date_gmt":"2017-04-21T05:09:42","guid":{"rendered":"http:\/\/www.diarioimagen.net\/?p=322485"},"modified":"2017-04-24T00:33:33","modified_gmt":"2017-04-24T05:33:33","slug":"fiscalia-inaugura-curso-sobre-delitos-electorales","status":"publish","type":"post","link":"https:\/\/www.diarioimagen.net\/?p=322485","title":{"rendered":"Fiscal\u00eda inaugura curso sobre delitos electorales"},"content":{"rendered":"<ul>\n<li><strong><em>Se dar\u00e1 respuesta a las demandas de los mexiquenses<\/em><\/strong><\/li>\n<\/ul>\n<p>&nbsp;<\/p>\n<div id=\"attachment_322607\" style=\"width: 470px\" class=\"wp-caption aligncenter\"><a href=\"http:\/\/www.diarioimagen.net\/?attachment_id=322607\" rel=\"attachment wp-att-322607\"><img loading=\"lazy\" decoding=\"async\" aria-describedby=\"caption-attachment-322607\" class=\"size-large wp-image-322607\" src=\"http:\/\/www.diarioimagen.net\/wp-content\/uploads\/2017\/04\/FISCALIA-3104-460x259.jpg\" alt=\"\" width=\"460\" height=\"259\" srcset=\"https:\/\/www.diarioimagen.net\/wp-content\/uploads\/2017\/04\/FISCALIA-3104-460x259.jpg 460w, https:\/\/www.diarioimagen.net\/wp-content\/uploads\/2017\/04\/FISCALIA-3104-240x135.jpg 240w, https:\/\/www.diarioimagen.net\/wp-content\/uploads\/2017\/04\/FISCALIA-3104-235x132.jpg 235w, https:\/\/www.diarioimagen.net\/wp-content\/uploads\/2017\/04\/FISCALIA-3104-202x114.jpg 202w, https:\/\/www.diarioimagen.net\/wp-content\/uploads\/2017\/04\/FISCALIA-3104-350x196.jpg 350w, https:\/\/www.diarioimagen.net\/wp-content\/uploads\/2017\/04\/FISCALIA-3104-220x123.jpg 220w, https:\/\/www.diarioimagen.net\/wp-content\/uploads\/2017\/04\/FISCALIA-3104-237x132.jpg 237w, https:\/\/www.diarioimagen.net\/wp-content\/uploads\/2017\/04\/FISCALIA-3104.jpg 480w\" sizes=\"auto, (max-width: 460px) 100vw, 460px\" \/><\/a><p id=\"caption-attachment-322607\" class=\"wp-caption-text\">El fiscal Central Jur\u00eddico de la Fiscal\u00eda General inaugur\u00f3 los trabajos de esta capacitaci\u00f3n, con la participaci\u00f3n de 120 servidores p\u00fablicos de la instituci\u00f3n<\/p><\/div>\n<p>&nbsp;<\/p>\n<p><strong>Toluca, Estado de M\u00e9xico<\/strong>.- En coordinaci\u00f3n con el Instituto Electoral del Estado de M\u00e9xico (IEEM), la Fiscal\u00eda General de Justicia estatal (FGJEM) inaugur\u00f3 el curso de Capacitaci\u00f3n Especializada en Materia de Delitos Electorales, dirigido a personal de distintas \u00e1reas de la instituci\u00f3n, para conocer las reglas de operaci\u00f3n del proceso electoral y los delitos electorales.<\/p>\n<p>Por ello, el fiscal Central Jur\u00eddico de la Fiscal\u00eda General inaugur\u00f3 los trabajos de esta capacitaci\u00f3n, con la participaci\u00f3n de 120 servidores p\u00fablicos de la instituci\u00f3n, principalmente de la Fiscal\u00eda Especializada en Materia de Delitos Electorales (FEMDE), de las Fiscal\u00edas Regionales, y de la Coordinaci\u00f3n de la Polic\u00eda de Investigaci\u00f3n.<\/p>\n<p>Destac\u00f3 la importancia de que el personal de la instituci\u00f3n tenga claros los protocolos de investigaci\u00f3n de delitos electorales y la normatividad penal electoral, pues dijo que se tiene que dar respuesta a la demanda ciudadana, por lo que todas las unidades administrativas de la Fiscal\u00eda General habr\u00e1n de participar en este esfuerzo.<\/p>\n<p>Por su parte, el fiscal Especializado en Materia de Delitos Electorales se\u00f1al\u00f3 que estos cursos permitir\u00e1n a los servidores p\u00fablicos estar muy bien preparados para recibir, atender y resolver los asuntos que se presenten durante el desarrollo del proceso y el d\u00eda de la jornada electoral.<\/p>\n<p>&nbsp;<\/p>\n","protected":false},"excerpt":{"rendered":"<p>En coordinaci\u00f3n con el Instituto Electoral del Estado de M\u00e9xico (IEEM), la Fiscal\u00eda General de Justicia estatal (FGJEM) inaugur\u00f3 el curso de Capacitaci\u00f3n Especializada en Materia de Delitos Electorales, dirigido a personal de distintas \u00e1reas de la instituci\u00f3n, para conocer las reglas de operaci\u00f3n del proceso electoral y los delitos electorales.<\/p>\n","protected":false},"author":3,"featured_media":322607,"comment_status":"open","ping_status":"open","sticky":false,"template":"","format":"standard","meta":{"_monsterinsights_skip_tracking":false,"_monsterinsights_sitenote_active":false,"_monsterinsights_sitenote_note":"","_monsterinsights_sitenote_category":0,"footnotes":""},"categories":[5],"tags":[43675,694,698,452],"class_list":["post-322485","post","type-post","status-publish","format-standard","has-post-thumbnail","hentry","category-estado-de-mexico","tag-estado-de-mexico","tag-ieem","tag-instituto-electoral-del-estado-de-mexico","tag-toluca"],"_links":{"self":[{"href":"https:\/\/www.diarioimagen.net\/index.php?rest_route=\/wp\/v2\/posts\/322485","targetHints":{"allow":["GET"]}}],"collection":[{"href":"https:\/\/www.diarioimagen.net\/index.php?rest_route=\/wp\/v2\/posts"}],"about":[{"href":"https:\/\/www.diarioimagen.net\/index.php?rest_route=\/wp\/v2\/types\/post"}],"author":[{"embeddable":true,"href":"https:\/\/www.diarioimagen.net\/index.php?rest_route=\/wp\/v2\/users\/3"}],"replies":[{"embeddable":true,"href":"https:\/\/www.diarioimagen.net\/index.php?rest_route=%2Fwp%2Fv2%2Fcomments&post=322485"}],"version-history":[{"count":0,"href":"https:\/\/www.diarioimagen.net\/index.php?rest_route=\/wp\/v2\/posts\/322485\/revisions"}],"wp:featuredmedia":[{"embeddable":true,"href":"https:\/\/www.diarioimagen.net\/index.php?rest_route=\/wp\/v2\/media\/322607"}],"wp:attachment":[{"href":"https:\/\/www.diarioimagen.net\/index.php?rest_route=%2Fwp%2Fv2%2Fmedia&parent=322485"}],"wp:term":[{"taxonomy":"category","embeddable":true,"href":"https:\/\/www.diarioimagen.net\/index.php?rest_route=%2Fwp%2Fv2%2Fcategories&post=322485"},{"taxonomy":"post_tag","embeddable":true,"href":"https:\/\/www.diarioimagen.net\/index.php?rest_route=%2Fwp%2Fv2%2Ftags&post=322485"}],"curies":[{"name":"wp","href":"https:\/\/api.w.org\/{rel}","templated":true}]}}