{"id":322505,"date":"2017-04-21T00:07:58","date_gmt":"2017-04-21T05:07:58","guid":{"rendered":"http:\/\/www.diarioimagen.net\/?p=322505"},"modified":"2017-04-23T22:40:53","modified_gmt":"2017-04-24T03:40:53","slug":"alfredo-del-mazo-se-compromete-a-construir-universidad-en-cuautitlan","status":"publish","type":"post","link":"https:\/\/www.diarioimagen.net\/?p=322505","title":{"rendered":"Alfredo Del Mazo se compromete a construir universidad en Cuautitl\u00e1n"},"content":{"rendered":"<ul>\n<li><strong><em>Compromiso con la educaci\u00f3n<\/em><\/strong><\/li>\n<\/ul>\n<p>&nbsp;<\/p>\n<div id=\"attachment_322598\" style=\"width: 470px\" class=\"wp-caption aligncenter\"><a href=\"http:\/\/www.diarioimagen.net\/?attachment_id=322598\" rel=\"attachment wp-att-322598\"><img loading=\"lazy\" decoding=\"async\" aria-describedby=\"caption-attachment-322598\" class=\"size-large wp-image-322598\" src=\"http:\/\/www.diarioimagen.net\/wp-content\/uploads\/2017\/04\/del-mazo-3104-1-460x259.jpg\" alt=\"\" width=\"460\" height=\"259\" srcset=\"https:\/\/www.diarioimagen.net\/wp-content\/uploads\/2017\/04\/del-mazo-3104-1-460x259.jpg 460w, https:\/\/www.diarioimagen.net\/wp-content\/uploads\/2017\/04\/del-mazo-3104-1-240x135.jpg 240w, https:\/\/www.diarioimagen.net\/wp-content\/uploads\/2017\/04\/del-mazo-3104-1-235x132.jpg 235w, https:\/\/www.diarioimagen.net\/wp-content\/uploads\/2017\/04\/del-mazo-3104-1-202x114.jpg 202w, https:\/\/www.diarioimagen.net\/wp-content\/uploads\/2017\/04\/del-mazo-3104-1-350x196.jpg 350w, https:\/\/www.diarioimagen.net\/wp-content\/uploads\/2017\/04\/del-mazo-3104-1-220x123.jpg 220w, https:\/\/www.diarioimagen.net\/wp-content\/uploads\/2017\/04\/del-mazo-3104-1-237x132.jpg 237w, https:\/\/www.diarioimagen.net\/wp-content\/uploads\/2017\/04\/del-mazo-3104-1.jpg 480w\" sizes=\"auto, (max-width: 460px) 100vw, 460px\" \/><\/a><p id=\"caption-attachment-322598\" class=\"wp-caption-text\">Alfredo del Mazo dijo que es momento de brindarles mayores oportunidades a los j\u00f3venes, a trav\u00e9s de una mejor educaci\u00f3n.<\/p><\/div>\n<p>&nbsp;<\/p>\n<p><strong>Cuautitl\u00e1n, Estado de M\u00e9xico<\/strong>.- Comprometido con la educaci\u00f3n y convencido de que los j\u00f3venes merecen instituciones educativas cerca de su casa y oportunidades para estudiar, Alfredo Del Mazo Maza, candidato del PRI, PVEM, Nueva Alianza y Encuentro Social al gobierno del Estado de M\u00e9xico, anunci\u00f3 que construir\u00e1 una universidad en esta demarcaci\u00f3n.<\/p>\n<p>El abanderado de esta coalici\u00f3n dijo que es momento de brindarles mayores oportunidades a los j\u00f3venes a trav\u00e9s de una educaci\u00f3n que les permita acceder a mejores empleos y a un mejor futuro.<\/p>\n<p>Alfredo Del Mazo se\u00f1al\u00f3 que una vez ganadas las elecciones con el respaldo de los mexiquenses, ser\u00e1 el gobernador de las mujeres y trabajar\u00e1 fuerte y con todo para que ellas se sientan seguras, en su casa, en las calles y en el transporte p\u00fablico, se\u00f1al\u00f3.<\/p>\n<p>Adem\u00e1s del transporte rosa, especializado para dar servicio a las mujeres mexiquenses, destac\u00f3 el programa de empleo para mujeres de 50 a\u00f1os o m\u00e1s y la aplicaci\u00f3n del salario rosa para amas de casa, como una forma de reconocer el trabajo que realizan por sus familias.<\/p>\n<p>El candidato del tricolor dijo que con el apoyo de los mexiquenses, el Estado de M\u00e9xico contar\u00e1 con programas sociales, seguridad y una mejor calidad en los servicios de salud, con medicamentos y suministros suficientes, con cl\u00ednicas abiertas los 7 d\u00edas de la semana.<\/p>\n<p>&nbsp;<\/p>\n","protected":false},"excerpt":{"rendered":"<p>Comprometido con la educaci\u00f3n y convencido de que los j\u00f3venes merecen instituciones educativas cerca de su casa y oportunidades para estudiar, Alfredo Del Mazo Maza, candidato del PRI, PVEM, Nueva Alianza y Encuentro Social al gobierno del Estado de M\u00e9xico, anunci\u00f3 que construir\u00e1 una universidad en esta demarcaci\u00f3n.<\/p>\n","protected":false},"author":3,"featured_media":322598,"comment_status":"open","ping_status":"open","sticky":false,"template":"","format":"standard","meta":{"_monsterinsights_skip_tracking":false,"_monsterinsights_sitenote_active":false,"_monsterinsights_sitenote_note":"","_monsterinsights_sitenote_category":0,"footnotes":""},"categories":[5],"tags":[2505,681,43675],"class_list":["post-322505","post","type-post","status-publish","format-standard","has-post-thumbnail","hentry","category-estado-de-mexico","tag-alfredo-del-mazo-maza","tag-cuautitlan","tag-estado-de-mexico"],"_links":{"self":[{"href":"https:\/\/www.diarioimagen.net\/index.php?rest_route=\/wp\/v2\/posts\/322505","targetHints":{"allow":["GET"]}}],"collection":[{"href":"https:\/\/www.diarioimagen.net\/index.php?rest_route=\/wp\/v2\/posts"}],"about":[{"href":"https:\/\/www.diarioimagen.net\/index.php?rest_route=\/wp\/v2\/types\/post"}],"author":[{"embeddable":true,"href":"https:\/\/www.diarioimagen.net\/index.php?rest_route=\/wp\/v2\/users\/3"}],"replies":[{"embeddable":true,"href":"https:\/\/www.diarioimagen.net\/index.php?rest_route=%2Fwp%2Fv2%2Fcomments&post=322505"}],"version-history":[{"count":0,"href":"https:\/\/www.diarioimagen.net\/index.php?rest_route=\/wp\/v2\/posts\/322505\/revisions"}],"wp:featuredmedia":[{"embeddable":true,"href":"https:\/\/www.diarioimagen.net\/index.php?rest_route=\/wp\/v2\/media\/322598"}],"wp:attachment":[{"href":"https:\/\/www.diarioimagen.net\/index.php?rest_route=%2Fwp%2Fv2%2Fmedia&parent=322505"}],"wp:term":[{"taxonomy":"category","embeddable":true,"href":"https:\/\/www.diarioimagen.net\/index.php?rest_route=%2Fwp%2Fv2%2Fcategories&post=322505"},{"taxonomy":"post_tag","embeddable":true,"href":"https:\/\/www.diarioimagen.net\/index.php?rest_route=%2Fwp%2Fv2%2Ftags&post=322505"}],"curies":[{"name":"wp","href":"https:\/\/api.w.org\/{rel}","templated":true}]}}