{"id":322749,"date":"2017-04-24T00:03:57","date_gmt":"2017-04-24T05:03:57","guid":{"rendered":"http:\/\/www.diarioimagen.net\/?p=322749"},"modified":"2017-04-24T09:02:57","modified_gmt":"2017-04-24T14:02:57","slug":"todo-listo-en-el-ieem-para-primer-debate-de-candidatos","status":"publish","type":"post","link":"https:\/\/www.diarioimagen.net\/?p=322749","title":{"rendered":"Todo listo en el IEEM para primer debate de candidatos"},"content":{"rendered":"<ul>\n<li><strong><em>Ser\u00e1 moderado por el periodista Javier Sol\u00f3rzano<\/em><\/strong><\/li>\n<\/ul>\n<p>&nbsp;<\/p>\n<div id=\"attachment_322853\" style=\"width: 470px\" class=\"wp-caption aligncenter\"><a href=\"http:\/\/www.diarioimagen.net\/?attachment_id=322853\" rel=\"attachment wp-att-322853\"><img loading=\"lazy\" decoding=\"async\" aria-describedby=\"caption-attachment-322853\" class=\"size-large wp-image-322853\" src=\"http:\/\/www.diarioimagen.net\/wp-content\/uploads\/2017\/04\/ieem-3105-460x259.jpg\" alt=\"\" width=\"460\" height=\"259\" srcset=\"https:\/\/www.diarioimagen.net\/wp-content\/uploads\/2017\/04\/ieem-3105-460x259.jpg 460w, https:\/\/www.diarioimagen.net\/wp-content\/uploads\/2017\/04\/ieem-3105-240x135.jpg 240w, https:\/\/www.diarioimagen.net\/wp-content\/uploads\/2017\/04\/ieem-3105-235x132.jpg 235w, https:\/\/www.diarioimagen.net\/wp-content\/uploads\/2017\/04\/ieem-3105-202x114.jpg 202w, https:\/\/www.diarioimagen.net\/wp-content\/uploads\/2017\/04\/ieem-3105-350x196.jpg 350w, https:\/\/www.diarioimagen.net\/wp-content\/uploads\/2017\/04\/ieem-3105-220x123.jpg 220w, https:\/\/www.diarioimagen.net\/wp-content\/uploads\/2017\/04\/ieem-3105-237x132.jpg 237w, https:\/\/www.diarioimagen.net\/wp-content\/uploads\/2017\/04\/ieem-3105.jpg 480w\" sizes=\"auto, (max-width: 460px) 100vw, 460px\" \/><\/a><p id=\"caption-attachment-322853\" class=\"wp-caption-text\">Ma\u00f1ana realizar\u00e1 el IEEM el primer debate formal entre seis candidatos al gobierno del Estado de M\u00e9xico.<\/p><\/div>\n<p>&nbsp;<\/p>\n<p>Con un formato que genera condiciones de equidad para todos los participantes, el Instituto Electoral del Estado de M\u00e9xico (IEEM), tiene todo listo para llevar a cabo el primer debate p\u00falico que se efectuar\u00e1 el martes 25 de abril a las 20:00 horas, a fin de que la ciudadan\u00eda conozca las propuestas de los candidatos\/as que contienden por la elecci\u00f3n para gubernatura 2017-2023 en el Estado de M\u00e9xico.<\/p>\n<p>El debate es un espacio en el que las distintas expresiones participantes en el proceso electoral 2016-2017 pueden dar a conocer y contrastar sus propuestas, lo que fortalece nuestro sistema democr\u00e1tico, ya que se acercan a la ciudadan\u00eda mexiquense elementos que le permiten comparar y decidir, de manera libre e informada, la direcci\u00f3n que el ejercicio de su derecho al sufragio tomar\u00e1 al emitir su voto el pr\u00f3ximo 4 de junio.<\/p>\n<p>Este primer debate tendr\u00e1 como sede la Sala de Sesiones del Consejo General del IEEM y estar\u00e1 moderado por el\u00a0 periodista, Javier Sol\u00f3rzano, con una duraci\u00f3n de 90 minutos y ser\u00e1 transmitido en vivo a trav\u00e9s del Sistema de Radio y Televisi\u00f3n Mexiquensey tambi\u00e9n en la p\u00e1gina electr\u00f3nica (www.ieem.org.mx).<\/p>\n<p>&nbsp;<\/p>\n","protected":false},"excerpt":{"rendered":"<p>Con un formato que genera condiciones de equidad para todos los participantes, el Instituto Electoral del Estado de M\u00e9xico (IEEM), tiene todo listo para llevar a cabo el primer debate p\u00falico que se efectuar\u00e1 el martes 25 de abril a las 20:00 horas, a fin de que la ciudadan\u00eda conozca las propuestas de los candidatos\/as que contienden por la elecci\u00f3n para gubernatura 2017-2023 en el Estado de M\u00e9xico.<\/p>\n","protected":false},"author":3,"featured_media":322853,"comment_status":"open","ping_status":"open","sticky":false,"template":"","format":"standard","meta":{"_monsterinsights_skip_tracking":false,"_monsterinsights_sitenote_active":false,"_monsterinsights_sitenote_note":"","_monsterinsights_sitenote_category":0,"footnotes":""},"categories":[35155],"tags":[43675,698],"class_list":["post-322749","post","type-post","status-publish","format-standard","has-post-thumbnail","hentry","category-estado-de-mexico-estado-de-mexico","tag-estado-de-mexico","tag-instituto-electoral-del-estado-de-mexico"],"_links":{"self":[{"href":"https:\/\/www.diarioimagen.net\/index.php?rest_route=\/wp\/v2\/posts\/322749","targetHints":{"allow":["GET"]}}],"collection":[{"href":"https:\/\/www.diarioimagen.net\/index.php?rest_route=\/wp\/v2\/posts"}],"about":[{"href":"https:\/\/www.diarioimagen.net\/index.php?rest_route=\/wp\/v2\/types\/post"}],"author":[{"embeddable":true,"href":"https:\/\/www.diarioimagen.net\/index.php?rest_route=\/wp\/v2\/users\/3"}],"replies":[{"embeddable":true,"href":"https:\/\/www.diarioimagen.net\/index.php?rest_route=%2Fwp%2Fv2%2Fcomments&post=322749"}],"version-history":[{"count":0,"href":"https:\/\/www.diarioimagen.net\/index.php?rest_route=\/wp\/v2\/posts\/322749\/revisions"}],"wp:featuredmedia":[{"embeddable":true,"href":"https:\/\/www.diarioimagen.net\/index.php?rest_route=\/wp\/v2\/media\/322853"}],"wp:attachment":[{"href":"https:\/\/www.diarioimagen.net\/index.php?rest_route=%2Fwp%2Fv2%2Fmedia&parent=322749"}],"wp:term":[{"taxonomy":"category","embeddable":true,"href":"https:\/\/www.diarioimagen.net\/index.php?rest_route=%2Fwp%2Fv2%2Fcategories&post=322749"},{"taxonomy":"post_tag","embeddable":true,"href":"https:\/\/www.diarioimagen.net\/index.php?rest_route=%2Fwp%2Fv2%2Ftags&post=322749"}],"curies":[{"name":"wp","href":"https:\/\/api.w.org\/{rel}","templated":true}]}}