{"id":322978,"date":"2017-04-25T00:11:52","date_gmt":"2017-04-25T05:11:52","guid":{"rendered":"http:\/\/www.diarioimagen.net\/?p=322978"},"modified":"2017-04-25T07:05:26","modified_gmt":"2017-04-25T12:05:26","slug":"pide-josefina-indagar-cuanto-dinero-ilicito-hay-en-la-campana-de-morena","status":"publish","type":"post","link":"https:\/\/www.diarioimagen.net\/?p=322978","title":{"rendered":"Pide Josefina indagar cu\u00e1nto dinero il\u00edcito hay en la campa\u00f1a de Morena"},"content":{"rendered":"<ul>\n<li><strong><em>\u201cLos mexiquenses merecen una explicaci\u00f3n clara y puntual\u201d<\/em><\/strong><\/li>\n<\/ul>\n<p>&nbsp;<\/p>\n<div id=\"attachment_323061\" style=\"width: 470px\" class=\"wp-caption aligncenter\"><a href=\"http:\/\/www.diarioimagen.net\/?attachment_id=323061\" rel=\"attachment wp-att-323061\"><img loading=\"lazy\" decoding=\"async\" aria-describedby=\"caption-attachment-323061\" class=\"size-large wp-image-323061\" src=\"http:\/\/www.diarioimagen.net\/wp-content\/uploads\/2017\/04\/josefina-3106-460x259.jpg\" alt=\"\" width=\"460\" height=\"259\" srcset=\"https:\/\/www.diarioimagen.net\/wp-content\/uploads\/2017\/04\/josefina-3106-460x259.jpg 460w, https:\/\/www.diarioimagen.net\/wp-content\/uploads\/2017\/04\/josefina-3106-240x135.jpg 240w, https:\/\/www.diarioimagen.net\/wp-content\/uploads\/2017\/04\/josefina-3106-235x132.jpg 235w, https:\/\/www.diarioimagen.net\/wp-content\/uploads\/2017\/04\/josefina-3106-202x114.jpg 202w, https:\/\/www.diarioimagen.net\/wp-content\/uploads\/2017\/04\/josefina-3106-350x196.jpg 350w, https:\/\/www.diarioimagen.net\/wp-content\/uploads\/2017\/04\/josefina-3106-220x123.jpg 220w, https:\/\/www.diarioimagen.net\/wp-content\/uploads\/2017\/04\/josefina-3106-237x132.jpg 237w, https:\/\/www.diarioimagen.net\/wp-content\/uploads\/2017\/04\/josefina-3106.jpg 480w\" sizes=\"auto, (max-width: 460px) 100vw, 460px\" \/><\/a><p id=\"caption-attachment-323061\" class=\"wp-caption-text\">La candidata panista, Josefina V\u00e1zquez Mota, afirm\u00f3 que \u201cpara Delfina y L\u00f3pez Obrador la honradez y la honestidad s\u00f3lo son ret\u00f3rica\u201d.<\/p><\/div>\n<p>&nbsp;<\/p>\n<p><strong>Naucalpan, Estado de M\u00e9xico<\/strong>.- Josefina V\u00e1zquez Mota exigi\u00f3 a Delfina G\u00f3mez explicar cu\u00e1nto de los recursos que han captado supuestamente ilegalmente a trav\u00e9s de Morena se est\u00e1n ejerciendo en la campa\u00f1a al gobierno del Estado de M\u00e9xico, a prop\u00f3sito del video en el que aparece la diputada de su partido, Eva Cadena, guard\u00e1ndose fajos de billetes que tienen por destino las manos de Andr\u00e9s Manuel L\u00f3pez Obrador.<\/p>\n<p>La candidata del PAN record\u00f3 que el Instituto Nacional Electoral (INE) mult\u00f3 a Delfina por no aclarar sus gastos de precampa\u00f1a, misma que, dijo, habr\u00eda financiado con parte del dinero que mensualmente Javier Duarte entregaba a la campa\u00f1a de Morena en Veracruz, cuando G\u00f3mez era la operadora pol\u00edtica de L\u00f3pez Obrador en esa entidad.<\/p>\n<p>\u201cPara Delfina y L\u00f3pez Obrador la honradez y la honestidad s\u00f3lo son ret\u00f3rica. Seguimos esperando que nos expliquen el destino de los 2.5 millones de pesos, que nos digan cu\u00e1nto de ese dinero de los veracruzanos se us\u00f3 en la precampa\u00f1a a la gubernatura del Estado de M\u00e9xico\u201d.<\/p>\n<p>Tambi\u00e9n, agreg\u00f3, \u201cqueremos que nos hablen con la verdad cuando se trata de saber a qui\u00e9n le pidieron los 500 mil pesos que pidi\u00f3 la diputada Cadena, si ese dinero se est\u00e1 ejerciendo en la campa\u00f1a de Delfina\u201d.<\/p>\n<p>Finalmente, pidi\u00f3 a las autoridades electorales y de la Fiscal\u00eda Especializada para la Atenci\u00f3n de Delitos Electorales de la Procuradur\u00eda General de la Rep\u00fablica poner especial atenci\u00f3n a las evidencias y se\u00f1alamientos que se est\u00e1n presentando en torno a Morena, porque claramente constituyen delitos y que atentan contra el verdadero esp\u00edritu de la democracia, concluy\u00f3.<\/p>\n<p>&nbsp;<\/p>\n","protected":false},"excerpt":{"rendered":"<p>Josefina V\u00e1zquez Mota exigi\u00f3 a Delfina G\u00f3mez explicar cu\u00e1nto de los recursos que han captado supuestamente ilegalmente a trav\u00e9s de Morena se est\u00e1n ejerciendo en la campa\u00f1a al gobierno del Estado de M\u00e9xico, a prop\u00f3sito del video en el que aparece la diputada de su partido, Eva Cadena, guard\u00e1ndose fajos de billetes que tienen por destino las manos de Andr\u00e9s Manuel L\u00f3pez Obrador.<\/p>\n","protected":false},"author":3,"featured_media":323061,"comment_status":"open","ping_status":"open","sticky":false,"template":"","format":"standard","meta":{"_monsterinsights_skip_tracking":false,"_monsterinsights_sitenote_active":false,"_monsterinsights_sitenote_note":"","_monsterinsights_sitenote_category":0,"footnotes":""},"categories":[5],"tags":[43675,363,20663,970],"class_list":["post-322978","post","type-post","status-publish","format-standard","has-post-thumbnail","hentry","category-estado-de-mexico","tag-estado-de-mexico","tag-josefina-vazquez-mota","tag-morena","tag-naucalpan"],"_links":{"self":[{"href":"https:\/\/www.diarioimagen.net\/index.php?rest_route=\/wp\/v2\/posts\/322978","targetHints":{"allow":["GET"]}}],"collection":[{"href":"https:\/\/www.diarioimagen.net\/index.php?rest_route=\/wp\/v2\/posts"}],"about":[{"href":"https:\/\/www.diarioimagen.net\/index.php?rest_route=\/wp\/v2\/types\/post"}],"author":[{"embeddable":true,"href":"https:\/\/www.diarioimagen.net\/index.php?rest_route=\/wp\/v2\/users\/3"}],"replies":[{"embeddable":true,"href":"https:\/\/www.diarioimagen.net\/index.php?rest_route=%2Fwp%2Fv2%2Fcomments&post=322978"}],"version-history":[{"count":0,"href":"https:\/\/www.diarioimagen.net\/index.php?rest_route=\/wp\/v2\/posts\/322978\/revisions"}],"wp:featuredmedia":[{"embeddable":true,"href":"https:\/\/www.diarioimagen.net\/index.php?rest_route=\/wp\/v2\/media\/323061"}],"wp:attachment":[{"href":"https:\/\/www.diarioimagen.net\/index.php?rest_route=%2Fwp%2Fv2%2Fmedia&parent=322978"}],"wp:term":[{"taxonomy":"category","embeddable":true,"href":"https:\/\/www.diarioimagen.net\/index.php?rest_route=%2Fwp%2Fv2%2Fcategories&post=322978"},{"taxonomy":"post_tag","embeddable":true,"href":"https:\/\/www.diarioimagen.net\/index.php?rest_route=%2Fwp%2Fv2%2Ftags&post=322978"}],"curies":[{"name":"wp","href":"https:\/\/api.w.org\/{rel}","templated":true}]}}