{"id":323207,"date":"2017-04-26T00:08:21","date_gmt":"2017-04-26T05:08:21","guid":{"rendered":"http:\/\/www.diarioimagen.net\/?p=323207"},"modified":"2017-04-26T04:06:43","modified_gmt":"2017-04-26T09:06:43","slug":"pan-denunciara-penalmente-a-amlo-y-a-delfina-gomez","status":"publish","type":"post","link":"https:\/\/www.diarioimagen.net\/?p=323207","title":{"rendered":"PAN denunciar\u00e1 penalmente a AMLO y a Delfina G\u00f3mez"},"content":{"rendered":"<ul>\n<li><strong><em>Por presunto peculado<\/em><\/strong><\/li>\n<\/ul>\n<p>&nbsp;<\/p>\n<div id=\"attachment_323303\" style=\"width: 470px\" class=\"wp-caption aligncenter\"><a href=\"http:\/\/www.diarioimagen.net\/?attachment_id=323303\" rel=\"attachment wp-att-323303\"><img loading=\"lazy\" decoding=\"async\" aria-describedby=\"caption-attachment-323303\" class=\"size-large wp-image-323303\" src=\"http:\/\/www.diarioimagen.net\/wp-content\/uploads\/2017\/04\/PAN-3107-460x259.jpg\" alt=\"\" width=\"460\" height=\"259\" srcset=\"https:\/\/www.diarioimagen.net\/wp-content\/uploads\/2017\/04\/PAN-3107-460x259.jpg 460w, https:\/\/www.diarioimagen.net\/wp-content\/uploads\/2017\/04\/PAN-3107-240x135.jpg 240w, https:\/\/www.diarioimagen.net\/wp-content\/uploads\/2017\/04\/PAN-3107-235x132.jpg 235w, https:\/\/www.diarioimagen.net\/wp-content\/uploads\/2017\/04\/PAN-3107-202x114.jpg 202w, https:\/\/www.diarioimagen.net\/wp-content\/uploads\/2017\/04\/PAN-3107-350x196.jpg 350w, https:\/\/www.diarioimagen.net\/wp-content\/uploads\/2017\/04\/PAN-3107-220x123.jpg 220w, https:\/\/www.diarioimagen.net\/wp-content\/uploads\/2017\/04\/PAN-3107-237x132.jpg 237w, https:\/\/www.diarioimagen.net\/wp-content\/uploads\/2017\/04\/PAN-3107.jpg 480w\" sizes=\"auto, (max-width: 460px) 100vw, 460px\" \/><\/a><p id=\"caption-attachment-323303\" class=\"wp-caption-text\">Ricardo Anaya mostr\u00f3 documentos oficiales, que en su opini\u00f3n muestran el desfalco.<\/p><\/div>\n<p>&nbsp;<\/p>\n<p>El Partido Acci\u00f3n Nacional (PAN) presentar\u00e1 una denuncia penal contra la candidata de Morena al gobierno del Estado de M\u00e9xico, Delfina G\u00f3mez \u00c1lvarez y contra el l\u00edder de ese partido, Andr\u00e9s Manuel L\u00f3pez Obrador, por el delito de peculado.<\/p>\n<p>En conferencia de prensa, el dirigente nacional del PAN, Ricardo Anaya Cort\u00e9s, sostuvo que los integrantes de Morena son presuntos responsables de haberles quitado m\u00e1s de 13 millones de pesos a los trabajadores del ayuntamiento de Texcoco, Estado de M\u00e9xico, cuando G\u00f3mez \u00c1lvarez era alcaldesa.<\/p>\n<p>Sostuvo que durante su mandato en Texcoco, la hoy aspirante de Morena a la gubernatura mexiquense retiraba de manera ilegal 10 por ciento del sueldo de los trabajadores del ayuntamiento, dinero que llegaba a las arcas de la organizaci\u00f3n denominada Grupo de Acci\u00f3n Pol\u00edtica, de la que era presidenta Delfina G\u00f3mez. Ricardo Anaya mostr\u00f3 un recibo y un cheque, as\u00ed como una carpeta con los documentos oficiales que en su opini\u00f3n muestran el desfalco que provocaron contra los trabajadores.<\/p>\n<p>\u201cEso de que dice L\u00f3pez Obrador que hay aves que cruzan el pantano y no se manchan, esto no es de aves de rapi\u00f1a. El dinero que le daba Duarte, los fajos de billetes con Eva Cadena, el dinero de Texcoco. No Andr\u00e9s, este dinero no es de aves que cruzan el pantano y no se manchan, es de aves de rapi\u00f1a\u201d, asever\u00f3.<\/p>\n<p>El l\u00edder del PAN explic\u00f3 que hoy acudir\u00e1n a la Fiscal\u00eda Especializada para la Atenci\u00f3n de Delitos Electorales (Fepade), as\u00ed como a la Procuradur\u00eda General de Justicia del Estado de M\u00e9xico (PGJEM), para denunciar a Delfina G\u00f3mez, Andr\u00e9s Manuel L\u00f3pez Obrador, Eva Cadena y Victoria Anaya, esta \u00faltima, quien supuestamente recib\u00eda el dinero de las donaciones voluntarias.<\/p>\n<p>Record\u00f3 que Delfina G\u00f3mez llev\u00f3 a toda la familia de su jefe pol\u00edtico, Higinio Mart\u00ednez, al ayuntamiento, como es el tesorero Alberto Mart\u00ednez, mientras que Agust\u00edn Miranda, t\u00edo de Higinio Mart\u00ednez, era el jefe de Seguridad P\u00fablica; M\u00f3nica Quintero era la directora de Agua Potable, prima de Higinio; la directora del DIF, Elizabeth Terrazas es nuera de Higinio Mart\u00ednez.<\/p>\n<p>Seg\u00fan Anaya Cort\u00e9s, quien recib\u00eda todo el dinero que le quitaban a los trabajadores era Victoria Anaya, encargada de Recursos Humanos del ayuntamiento de Texcoco durante la gesti\u00f3n de Delfina G\u00f3mez, y quien ahora es la encargada de la campa\u00f1a de la representante de Morena.<\/p>\n<p>Explic\u00f3 que en 2013 le quitaron a los trabajadores cuatro millones 200 mil pesos; en 2014 m\u00e1s de cinco millones 600 mil pesos y en 2015 fueron tres millones de pesos, lo que hace un total de 13 millones de pesos, mismos que llegaron a la agrupaci\u00f3n de Higinio.<\/p>\n<p>El dirigente panista advirti\u00f3 que se trata de un delito grave por el cual se impone prisi\u00f3n de dos a nueve a\u00f1os, como lo marca la Ley Electoral, para quienes soliciten recursos a sus subordinados para apoyar a sus agrupaciones pol\u00edticas.<\/p>\n<p>&nbsp;<\/p>\n","protected":false},"excerpt":{"rendered":"<p>El Partido Acci\u00f3n Nacional (PAN) presentar\u00e1 una denuncia penal contra la candidata de Morena al gobierno del Estado de M\u00e9xico, Delfina G\u00f3mez \u00c1lvarez y contra el l\u00edder de ese partido, Andr\u00e9s Manuel L\u00f3pez Obrador, por el delito de peculado.<\/p>\n","protected":false},"author":3,"featured_media":323303,"comment_status":"open","ping_status":"open","sticky":false,"template":"","format":"standard","meta":{"_monsterinsights_skip_tracking":false,"_monsterinsights_sitenote_active":false,"_monsterinsights_sitenote_note":"","_monsterinsights_sitenote_category":0,"footnotes":""},"categories":[35155],"tags":[11593,20663,91,7347],"class_list":["post-323207","post","type-post","status-publish","format-standard","has-post-thumbnail","hentry","category-estado-de-mexico-estado-de-mexico","tag-demanda","tag-morena","tag-pan","tag-ricardo-anaya-cortes"],"_links":{"self":[{"href":"https:\/\/www.diarioimagen.net\/index.php?rest_route=\/wp\/v2\/posts\/323207","targetHints":{"allow":["GET"]}}],"collection":[{"href":"https:\/\/www.diarioimagen.net\/index.php?rest_route=\/wp\/v2\/posts"}],"about":[{"href":"https:\/\/www.diarioimagen.net\/index.php?rest_route=\/wp\/v2\/types\/post"}],"author":[{"embeddable":true,"href":"https:\/\/www.diarioimagen.net\/index.php?rest_route=\/wp\/v2\/users\/3"}],"replies":[{"embeddable":true,"href":"https:\/\/www.diarioimagen.net\/index.php?rest_route=%2Fwp%2Fv2%2Fcomments&post=323207"}],"version-history":[{"count":0,"href":"https:\/\/www.diarioimagen.net\/index.php?rest_route=\/wp\/v2\/posts\/323207\/revisions"}],"wp:featuredmedia":[{"embeddable":true,"href":"https:\/\/www.diarioimagen.net\/index.php?rest_route=\/wp\/v2\/media\/323303"}],"wp:attachment":[{"href":"https:\/\/www.diarioimagen.net\/index.php?rest_route=%2Fwp%2Fv2%2Fmedia&parent=323207"}],"wp:term":[{"taxonomy":"category","embeddable":true,"href":"https:\/\/www.diarioimagen.net\/index.php?rest_route=%2Fwp%2Fv2%2Fcategories&post=323207"},{"taxonomy":"post_tag","embeddable":true,"href":"https:\/\/www.diarioimagen.net\/index.php?rest_route=%2Fwp%2Fv2%2Ftags&post=323207"}],"curies":[{"name":"wp","href":"https:\/\/api.w.org\/{rel}","templated":true}]}}