{"id":323432,"date":"2017-04-27T00:10:12","date_gmt":"2017-04-27T05:10:12","guid":{"rendered":"http:\/\/www.diarioimagen.net\/?p=323432"},"modified":"2017-04-27T04:59:22","modified_gmt":"2017-04-27T09:59:22","slug":"el-pabellon-artesanal-un-gran-atractivo-en-feria-de-san-isidro","status":"publish","type":"post","link":"https:\/\/www.diarioimagen.net\/?p=323432","title":{"rendered":"El Pabell\u00f3n Artesanal, un gran atractivo en Feria de San Isidro"},"content":{"rendered":"<ul>\n<li><strong><em>Albergar\u00e1 169 obras creadas por maestros del arte popular de varios estados<\/em><\/strong><\/li>\n<\/ul>\n<p>&nbsp;<\/p>\n<div id=\"attachment_323538\" style=\"width: 470px\" class=\"wp-caption aligncenter\"><a href=\"http:\/\/www.diarioimagen.net\/?attachment_id=323538\" rel=\"attachment wp-att-323538\"><img loading=\"lazy\" decoding=\"async\" aria-describedby=\"caption-attachment-323538\" class=\"size-large wp-image-323538\" src=\"http:\/\/www.diarioimagen.net\/wp-content\/uploads\/2017\/04\/METEPEC-3108-460x259.jpg\" alt=\"\" width=\"460\" height=\"259\" srcset=\"https:\/\/www.diarioimagen.net\/wp-content\/uploads\/2017\/04\/METEPEC-3108-460x259.jpg 460w, https:\/\/www.diarioimagen.net\/wp-content\/uploads\/2017\/04\/METEPEC-3108-240x135.jpg 240w, https:\/\/www.diarioimagen.net\/wp-content\/uploads\/2017\/04\/METEPEC-3108-235x132.jpg 235w, https:\/\/www.diarioimagen.net\/wp-content\/uploads\/2017\/04\/METEPEC-3108-202x114.jpg 202w, https:\/\/www.diarioimagen.net\/wp-content\/uploads\/2017\/04\/METEPEC-3108-350x196.jpg 350w, https:\/\/www.diarioimagen.net\/wp-content\/uploads\/2017\/04\/METEPEC-3108-220x123.jpg 220w, https:\/\/www.diarioimagen.net\/wp-content\/uploads\/2017\/04\/METEPEC-3108-237x132.jpg 237w, https:\/\/www.diarioimagen.net\/wp-content\/uploads\/2017\/04\/METEPEC-3108.jpg 480w\" sizes=\"auto, (max-width: 460px) 100vw, 460px\" \/><\/a><p id=\"caption-attachment-323538\" class=\"wp-caption-text\">En la Feria de San Isidro Metepec 2017, destaca el Pabell\u00f3n Artesanal, que albergar\u00e1 169 obras creadas por maestros del arte popular.<\/p><\/div>\n<p>&nbsp;<\/p>\n<p><strong>Metepec, Estado de M\u00e9xico<\/strong>.-\u00a0Durante la Feria de San Isidro Metepec 2017, que abrir\u00e1 sus puertas ma\u00f1ana\u00a0 viernes, destaca el Pabell\u00f3n Artesanal, que albergar\u00e1 169 obras creadas por maestros del arte popular de varios estados, quienes participan en el prestigiado certamen nacional de alfarer\u00eda \u201c\u00c1rbol de la Vida\u201d.<\/p>\n<p>Ubicado en el acceso principal del recinto ferial, la exhibici\u00f3n de las artesan\u00edas estar\u00e1 dando la bienvenida a los visitantes que podr\u00e1n admirar exquisitas piezas elaboradas en barro y cer\u00e1mica.<\/p>\n<p>En poco m\u00e1s de dos d\u00e9cadas, la Feria de San Isidro ha sido el marco para la celebraci\u00f3n del concurso artesanal, que en esta ocasi\u00f3n recibe obras de artistas provenientes de diversos municipios del Estado de M\u00e9xico y de entidades como Jalisco, Michoac\u00e1n, Oaxaca, Guerrero, Chihuahua, por mencionar algunos.<\/p>\n<p>Las obras registradas hasta el d\u00eda de ayer, fueron 169 que buscar\u00e1n uno de los premios en siete categor\u00edas establecidas en la convocatoria.<\/p>\n<p>Los organizadores del certamen, posicionado entre los m\u00e1s importantes de M\u00e9xico por la alta participaci\u00f3n de creadores, calidad de las artesan\u00edas y bolsa de premiaci\u00f3n, recomiendan adem\u00e1s de apreciar las obras de arte, conocer el proceso de elaboraci\u00f3n y significado de las mismas, para lo cual habr\u00e1 personal especializado en el tema para brindar informaci\u00f3n a los visitantes.<\/p>\n<p>&nbsp;<\/p>\n","protected":false},"excerpt":{"rendered":"<p>Durante la Feria de San Isidro Metepec 2017, que abrir\u00e1 sus puertas ma\u00f1ana  viernes, destaca el Pabell\u00f3n Artesanal, que albergar\u00e1 169 obras creadas por maestros del arte popular de varios estados, quienes participan en el prestigiado certamen nacional de alfarer\u00eda \u201c\u00c1rbol de la Vida\u201d.<\/p>\n","protected":false},"author":3,"featured_media":323538,"comment_status":"open","ping_status":"open","sticky":false,"template":"","format":"standard","meta":{"_monsterinsights_skip_tracking":false,"_monsterinsights_sitenote_active":false,"_monsterinsights_sitenote_note":"","_monsterinsights_sitenote_category":0,"footnotes":""},"categories":[5],"tags":[43675,876],"class_list":["post-323432","post","type-post","status-publish","format-standard","has-post-thumbnail","hentry","category-estado-de-mexico","tag-estado-de-mexico","tag-metepec"],"_links":{"self":[{"href":"https:\/\/www.diarioimagen.net\/index.php?rest_route=\/wp\/v2\/posts\/323432","targetHints":{"allow":["GET"]}}],"collection":[{"href":"https:\/\/www.diarioimagen.net\/index.php?rest_route=\/wp\/v2\/posts"}],"about":[{"href":"https:\/\/www.diarioimagen.net\/index.php?rest_route=\/wp\/v2\/types\/post"}],"author":[{"embeddable":true,"href":"https:\/\/www.diarioimagen.net\/index.php?rest_route=\/wp\/v2\/users\/3"}],"replies":[{"embeddable":true,"href":"https:\/\/www.diarioimagen.net\/index.php?rest_route=%2Fwp%2Fv2%2Fcomments&post=323432"}],"version-history":[{"count":0,"href":"https:\/\/www.diarioimagen.net\/index.php?rest_route=\/wp\/v2\/posts\/323432\/revisions"}],"wp:featuredmedia":[{"embeddable":true,"href":"https:\/\/www.diarioimagen.net\/index.php?rest_route=\/wp\/v2\/media\/323538"}],"wp:attachment":[{"href":"https:\/\/www.diarioimagen.net\/index.php?rest_route=%2Fwp%2Fv2%2Fmedia&parent=323432"}],"wp:term":[{"taxonomy":"category","embeddable":true,"href":"https:\/\/www.diarioimagen.net\/index.php?rest_route=%2Fwp%2Fv2%2Fcategories&post=323432"},{"taxonomy":"post_tag","embeddable":true,"href":"https:\/\/www.diarioimagen.net\/index.php?rest_route=%2Fwp%2Fv2%2Ftags&post=323432"}],"curies":[{"name":"wp","href":"https:\/\/api.w.org\/{rel}","templated":true}]}}