{"id":323671,"date":"2017-04-28T00:12:22","date_gmt":"2017-04-28T05:12:22","guid":{"rendered":"http:\/\/www.diarioimagen.net\/?p=323671"},"modified":"2017-04-28T07:15:06","modified_gmt":"2017-04-28T12:15:06","slug":"caen-otros-24-presuntos-delincuentes-en-operativo","status":"publish","type":"post","link":"https:\/\/www.diarioimagen.net\/?p=323671","title":{"rendered":"Caen otros 24 presuntos delincuentes en operativo"},"content":{"rendered":"<ul>\n<li><strong><em>Fueron implementadas 16 acciones de barrido y de filtro<\/em><\/strong><\/li>\n<\/ul>\n<p>&nbsp;<\/p>\n<div id=\"attachment_323754\" style=\"width: 470px\" class=\"wp-caption aligncenter\"><a href=\"http:\/\/www.diarioimagen.net\/?attachment_id=323754\" rel=\"attachment wp-att-323754\"><img loading=\"lazy\" decoding=\"async\" aria-describedby=\"caption-attachment-323754\" class=\"size-large wp-image-323754\" src=\"http:\/\/www.diarioimagen.net\/wp-content\/uploads\/2017\/04\/OPERATIVO-3109-460x259.jpg\" alt=\"\" width=\"460\" height=\"259\" srcset=\"https:\/\/www.diarioimagen.net\/wp-content\/uploads\/2017\/04\/OPERATIVO-3109-460x259.jpg 460w, https:\/\/www.diarioimagen.net\/wp-content\/uploads\/2017\/04\/OPERATIVO-3109-240x135.jpg 240w, https:\/\/www.diarioimagen.net\/wp-content\/uploads\/2017\/04\/OPERATIVO-3109-235x132.jpg 235w, https:\/\/www.diarioimagen.net\/wp-content\/uploads\/2017\/04\/OPERATIVO-3109-202x114.jpg 202w, https:\/\/www.diarioimagen.net\/wp-content\/uploads\/2017\/04\/OPERATIVO-3109-350x196.jpg 350w, https:\/\/www.diarioimagen.net\/wp-content\/uploads\/2017\/04\/OPERATIVO-3109-220x123.jpg 220w, https:\/\/www.diarioimagen.net\/wp-content\/uploads\/2017\/04\/OPERATIVO-3109-237x132.jpg 237w, https:\/\/www.diarioimagen.net\/wp-content\/uploads\/2017\/04\/OPERATIVO-3109.jpg 480w\" sizes=\"auto, (max-width: 460px) 100vw, 460px\" \/><\/a><p id=\"caption-attachment-323754\" class=\"wp-caption-text\">Elementos federales y estatales realizaron un operativo en las zonas m\u00e1s conflictivas del municipio de Ecatepec.<\/p><\/div>\n<p>&nbsp;<\/p>\n<p><strong>Toluca, Estado de M\u00e9xico<\/strong>.- Derivado de un operativo realizado en el municipio de Ecatepec, en el que particip\u00f3 personal de la Fiscal\u00eda General de Justicia del Estado de M\u00e9xico (FGJEM), as\u00ed como de la Secretar\u00eda de la Defensa Nacional (Sedena), de la Secretar\u00eda de Marina (Semar), de la Polic\u00eda Federal (PF), y de la Comisi\u00f3n Estatal de Seguridad Ciudadana (CES), fueron detenidas 24 personas; uno de los asegurados identificado como Juan Carlos \u201cN\u201d, era un objetivo principal para esta instituci\u00f3n.<\/p>\n<p>En total fueron implementadas 16 acciones operativas, ocho de barrido, y ocho de filtro. Derivado de lo anterior fueron detenidas en flagrancia 18 personas; 6 por delitos contra la salud: 5 por simulaci\u00f3n de veh\u00edculo oficial; 2 por robo; 1 por portaci\u00f3n de arma de fuego; 1 por portaci\u00f3n de arma prohibida; 1 encubrimiento por receptaci\u00f3n; 1 por uso indebido de insignias; y 1 por el delito de resistencia.<\/p>\n<p>Adem\u00e1s fueron aseguradas 6 personas en complimiento de \u00f3rdenes de aprehensi\u00f3n: 1 por portaci\u00f3n de arma; 1 por incumplimiento de obligaciones alimentarias; 1 por cohecho; 1 por lesiones agravadas, y dos m\u00e1s por el delito de homicidio, uno de los cuales era buscado por autoridades de la fiscal\u00eda mexiquense, ya que es uno de los 33 objetivos prioritarios en la entidad mexiquense.<\/p>\n<p>El probable homicida identificado como Juan Carlos \u201cN\u201d, fue detenido en la avenida Recursos Hidr\u00e1ulicos, en la colonia Granjas Ecatepec, cuando viajaba a bordo de un veh\u00edculo compacto. Cabe mencionar que este individuo enfrenta cargos por el delito de homicidio calificado, seg\u00fan la causa penal 196\/2016, ya que presumiblemente particip\u00f3 en el homicidio de un joven de 23 a\u00f1os de edad en el a\u00f1o 2016. El detenido ser\u00e1 ingresado al Centro Preventivo y de Readaptaci\u00f3n Social Alfonso Quiroz, para que sea determinada su situaci\u00f3n legal.<\/p>\n<p>Los detenidos fueron puestos ante la autoridad competente, quien habr\u00e1 de determinar su situaci\u00f3n legal, sin embargo, se les presume inocentes hasta que sea dictada una sentencia condenatoria en su contra.<\/p>\n<p>&nbsp;<\/p>\n","protected":false},"excerpt":{"rendered":"<p>Derivado de un operativo realizado en el municipio de Ecatepec, en el que particip\u00f3 personal de la Fiscal\u00eda General de Justicia del Estado de M\u00e9xico (FGJEM), as\u00ed como de la Secretar\u00eda de la Defensa Nacional (Sedena), de la Secretar\u00eda de Marina (Semar), de la Polic\u00eda Federal (PF), y de la Comisi\u00f3n Estatal de Seguridad Ciudadana (CES), fueron detenidas 24 personas; uno de los asegurados identificado como Juan Carlos \u201cN\u201d, era un objetivo principal para esta instituci\u00f3n.<\/p>\n","protected":false},"author":3,"featured_media":323754,"comment_status":"open","ping_status":"open","sticky":false,"template":"","format":"standard","meta":{"_monsterinsights_skip_tracking":false,"_monsterinsights_sitenote_active":false,"_monsterinsights_sitenote_note":"","_monsterinsights_sitenote_category":0,"footnotes":""},"categories":[5],"tags":[10206,43675,7349,4516,6499,452],"class_list":["post-323671","post","type-post","status-publish","format-standard","has-post-thumbnail","hentry","category-estado-de-mexico","tag-delincuentes","tag-estado-de-mexico","tag-operativo","tag-pf","tag-secretaria-de-marina","tag-toluca"],"_links":{"self":[{"href":"https:\/\/www.diarioimagen.net\/index.php?rest_route=\/wp\/v2\/posts\/323671","targetHints":{"allow":["GET"]}}],"collection":[{"href":"https:\/\/www.diarioimagen.net\/index.php?rest_route=\/wp\/v2\/posts"}],"about":[{"href":"https:\/\/www.diarioimagen.net\/index.php?rest_route=\/wp\/v2\/types\/post"}],"author":[{"embeddable":true,"href":"https:\/\/www.diarioimagen.net\/index.php?rest_route=\/wp\/v2\/users\/3"}],"replies":[{"embeddable":true,"href":"https:\/\/www.diarioimagen.net\/index.php?rest_route=%2Fwp%2Fv2%2Fcomments&post=323671"}],"version-history":[{"count":0,"href":"https:\/\/www.diarioimagen.net\/index.php?rest_route=\/wp\/v2\/posts\/323671\/revisions"}],"wp:featuredmedia":[{"embeddable":true,"href":"https:\/\/www.diarioimagen.net\/index.php?rest_route=\/wp\/v2\/media\/323754"}],"wp:attachment":[{"href":"https:\/\/www.diarioimagen.net\/index.php?rest_route=%2Fwp%2Fv2%2Fmedia&parent=323671"}],"wp:term":[{"taxonomy":"category","embeddable":true,"href":"https:\/\/www.diarioimagen.net\/index.php?rest_route=%2Fwp%2Fv2%2Fcategories&post=323671"},{"taxonomy":"post_tag","embeddable":true,"href":"https:\/\/www.diarioimagen.net\/index.php?rest_route=%2Fwp%2Fv2%2Ftags&post=323671"}],"curies":[{"name":"wp","href":"https:\/\/api.w.org\/{rel}","templated":true}]}}