{"id":323673,"date":"2017-04-28T00:09:08","date_gmt":"2017-04-28T05:09:08","guid":{"rendered":"http:\/\/www.diarioimagen.net\/?p=323673"},"modified":"2017-04-28T07:41:01","modified_gmt":"2017-04-28T12:41:01","slug":"comienza-distribucion-de-material-electoral","status":"publish","type":"post","link":"https:\/\/www.diarioimagen.net\/?p=323673","title":{"rendered":"Comienza distribuci\u00f3n de material  electoral"},"content":{"rendered":"<h2>Arco Norte<\/h2>\n<h5>Jos\u00e9 Luis Monta\u00f1ez Aguilar<\/h5>\n<p>&nbsp;<\/p>\n<div id=\"attachment_323783\" style=\"width: 470px\" class=\"wp-caption aligncenter\"><a href=\"http:\/\/www.diarioimagen.net\/?attachment_id=323783\" rel=\"attachment wp-att-323783\"><img loading=\"lazy\" decoding=\"async\" aria-describedby=\"caption-attachment-323783\" class=\"size-large wp-image-323783\" src=\"http:\/\/www.diarioimagen.net\/wp-content\/uploads\/2017\/04\/ieem-3109-460x259.jpg\" alt=\"\" width=\"460\" height=\"259\" srcset=\"https:\/\/www.diarioimagen.net\/wp-content\/uploads\/2017\/04\/ieem-3109-460x259.jpg 460w, https:\/\/www.diarioimagen.net\/wp-content\/uploads\/2017\/04\/ieem-3109-240x135.jpg 240w, https:\/\/www.diarioimagen.net\/wp-content\/uploads\/2017\/04\/ieem-3109-235x132.jpg 235w, https:\/\/www.diarioimagen.net\/wp-content\/uploads\/2017\/04\/ieem-3109-202x114.jpg 202w, https:\/\/www.diarioimagen.net\/wp-content\/uploads\/2017\/04\/ieem-3109-350x196.jpg 350w, https:\/\/www.diarioimagen.net\/wp-content\/uploads\/2017\/04\/ieem-3109-220x123.jpg 220w, https:\/\/www.diarioimagen.net\/wp-content\/uploads\/2017\/04\/ieem-3109-237x132.jpg 237w, https:\/\/www.diarioimagen.net\/wp-content\/uploads\/2017\/04\/ieem-3109.jpg 480w\" sizes=\"auto, (max-width: 460px) 100vw, 460px\" \/><\/a><p id=\"caption-attachment-323783\" class=\"wp-caption-text\">Se lleva a cabo Integraci\u00f3n de paquetes de materiales electorales para su distribuci\u00f3n en las juntas distritales. <em>#DaleValor<\/em><\/p><\/div>\n<p>&nbsp;<\/p>\n<p>El Instituto Electoral del Estado de M\u00e9xico (IEEM) inici\u00f3 el operativo para efectuar la distribuci\u00f3n, entrega y resguardo del material electoral a los 45 Consejos Distritales, con el fin de que cuenten en tiempo y forma con los insumos requeridos para los pr\u00f3ximos comicios del 4 de junio. En un comunicado, el \u00f3rgano electoral dio a conocer que esta acci\u00f3n se realiz\u00f3 en cumplimiento al Acuerdo IEEM\/CG\/96\/2017, por lo que las mesas directivas de casilla que se instalar\u00e1n para la jornada del Proceso Electoral Local Ordinario para elecci\u00f3n de gobernador del Estado de M\u00e9xico contar\u00e1n con el material necesario.<\/p>\n<p>Para tal efecto, se cont\u00f3 con la presencia de la notaria p\u00fablica, Gabriela Paloma Lechuga Vald\u00e9s, quien dio fe de que cada uno de los actos que desarrollar\u00e1n de conformidad con la normatividad aplicable en este campo.<\/p>\n<p>De ah\u00ed que se consideraron diferentes acuerdos emitidos por el Consejo General del Instituto Nacional Electoral (INE), por lo que ahora se incorpora el uso de polipropileno en las urnas, as\u00ed como la bolsa de pl\u00e1stico transparente para la devoluci\u00f3n de las listas nominales de electores por parte de los representantes de partidos pol\u00edticos y, en su caso, de candidatos independientes. Indic\u00f3 que conforme al programa, el operativo que inici\u00f3 ayer, se realiza desde la Bodega de Materiales Electorales del Instituto y es coordinada por la Direcci\u00f3n de Organizaci\u00f3n del IEEM, por lo que el personal de esta \u00e1rea integra los paquetes que se distribuyen conforme a las rutas establecidas, y concluir\u00e1 el lunes 15 de mayo.<\/p>\n<p>Una vez que el transporte que lleva las cajas contenedoras, sean recibidas en cada una de las sedes de los Consejos Distritales, quienes realizan la recepci\u00f3n y verifican que cada caja cuente con las cantidades requeridas, para despu\u00e9s resguardarlas en las \u00e1reas que han sido habilitadas. Se\u00f1al\u00f3 que cada paquete contiene los insumos necesarios para que los funcionarios de las mesas directivas de casilla cuenten con todos los elementos necesarios para realizar con puntualidad sus actividades.<\/p>\n<p>A\u00f1adi\u00f3 que entre ellas se encuentran cancel electoral port\u00e1til, urna elecci\u00f3n de gobernador, base porta urna, mampara especial, cinta de seguridad para sellado de urna y caja paquete electoral, sello marca \u201cX\u201d, cartel de identificaci\u00f3n de casilla, cartel aviso de localizaci\u00f3n de casilla.<\/p>\n<p>Adem\u00e1s del cartel de resultados de la casilla, se\u00f1alamiento de procedimiento de votaci\u00f3n, bolsa de \u00fatiles de escritorio y cuatro casacas de identificaci\u00f3n.<\/p>\n<p>El inicio de estas actividades fue atestiguado por los consejeros electorales Gabriel Corona Armenta, Natalia P\u00e9rez Hern\u00e1ndez y Sa\u00fal Mandujano Rubio, as\u00ed como por los representantes de los consejeros y de los partidos pol\u00edticos.<\/p>\n<p><em><a href=\"mailto:montanezaguilar@gmail.com\" target=\"_blank\" rel=\"noopener noreferrer\">montanezaguilar@gmail.com<\/a><\/em><\/p>\n<p>&nbsp;<\/p>\n","protected":false},"excerpt":{"rendered":"<p><span style=\"color: #005497;\">Jos\u00e9 Luis Monta\u00f1ez Aguilar<\/span><br \/>\n<br \/>\nEl Instituto Electoral del Estado de M\u00e9xico (IEEM) inici\u00f3 el operativo para efectuar la distribuci\u00f3n, entrega y resguardo del material electoral a los 45 Consejos Distritales, con el fin de que cuenten en tiempo y forma con los insumos requeridos para los pr\u00f3ximos comicios del 4 de junio. En un comunicado, el \u00f3rgano electoral dio a conocer que esta acci\u00f3n se realiz\u00f3 en cumplimiento al Acuerdo IEEM\/CG\/96\/2017, por lo que las mesas directivas de casilla que se instalar\u00e1n para la jornada del Proceso Electoral Local Ordinario para elecci\u00f3n de gobernador del Estado de M\u00e9xico contar\u00e1n con el material necesario.<\/p>\n","protected":false},"author":3,"featured_media":323783,"comment_status":"open","ping_status":"open","sticky":false,"template":"","format":"standard","meta":{"_monsterinsights_skip_tracking":false,"_monsterinsights_sitenote_active":false,"_monsterinsights_sitenote_note":"","_monsterinsights_sitenote_category":0,"footnotes":""},"categories":[35155],"tags":[43674],"class_list":["post-323673","post","type-post","status-publish","format-standard","has-post-thumbnail","hentry","category-estado-de-mexico-estado-de-mexico","tag-opinion"],"_links":{"self":[{"href":"https:\/\/www.diarioimagen.net\/index.php?rest_route=\/wp\/v2\/posts\/323673","targetHints":{"allow":["GET"]}}],"collection":[{"href":"https:\/\/www.diarioimagen.net\/index.php?rest_route=\/wp\/v2\/posts"}],"about":[{"href":"https:\/\/www.diarioimagen.net\/index.php?rest_route=\/wp\/v2\/types\/post"}],"author":[{"embeddable":true,"href":"https:\/\/www.diarioimagen.net\/index.php?rest_route=\/wp\/v2\/users\/3"}],"replies":[{"embeddable":true,"href":"https:\/\/www.diarioimagen.net\/index.php?rest_route=%2Fwp%2Fv2%2Fcomments&post=323673"}],"version-history":[{"count":0,"href":"https:\/\/www.diarioimagen.net\/index.php?rest_route=\/wp\/v2\/posts\/323673\/revisions"}],"wp:featuredmedia":[{"embeddable":true,"href":"https:\/\/www.diarioimagen.net\/index.php?rest_route=\/wp\/v2\/media\/323783"}],"wp:attachment":[{"href":"https:\/\/www.diarioimagen.net\/index.php?rest_route=%2Fwp%2Fv2%2Fmedia&parent=323673"}],"wp:term":[{"taxonomy":"category","embeddable":true,"href":"https:\/\/www.diarioimagen.net\/index.php?rest_route=%2Fwp%2Fv2%2Fcategories&post=323673"},{"taxonomy":"post_tag","embeddable":true,"href":"https:\/\/www.diarioimagen.net\/index.php?rest_route=%2Fwp%2Fv2%2Ftags&post=323673"}],"curies":[{"name":"wp","href":"https:\/\/api.w.org\/{rel}","templated":true}]}}