{"id":324081,"date":"2017-05-03T00:09:20","date_gmt":"2017-05-03T05:09:20","guid":{"rendered":"http:\/\/www.diarioimagen.net\/?p=324081"},"modified":"2017-05-03T01:16:19","modified_gmt":"2017-05-03T06:16:19","slug":"capturan-a-el-licenciado-sucesor-de-el-chapo-guzman","status":"publish","type":"post","link":"https:\/\/www.diarioimagen.net\/?p=324081","title":{"rendered":"Capturan a \u201cEl Licenciado\u201d, el sucesor de \u201cEl Chapo\u201d"},"content":{"rendered":"<ul>\n<li><strong><em>D\u00e1maso L\u00f3pez buscaba aliarse con el C\u00e1rtel de Jalisco Nueva Generaci\u00f3n<\/em><\/strong><\/li>\n<\/ul>\n<p>&nbsp;<\/p>\n<div id=\"attachment_324082\" style=\"width: 470px\" class=\"wp-caption aligncenter\"><a href=\"http:\/\/www.diarioimagen.net\/?attachment_id=324082\" rel=\"attachment wp-att-324082\"><img loading=\"lazy\" decoding=\"async\" aria-describedby=\"caption-attachment-324082\" class=\"wp-image-324082 size-large\" src=\"http:\/\/www.diarioimagen.net\/wp-content\/uploads\/2017\/05\/LICENCIADO3-portal-460x268.jpg\" alt=\"\" width=\"460\" height=\"268\" srcset=\"https:\/\/www.diarioimagen.net\/wp-content\/uploads\/2017\/05\/LICENCIADO3-portal-460x268.jpg 460w, https:\/\/www.diarioimagen.net\/wp-content\/uploads\/2017\/05\/LICENCIADO3-portal-240x140.jpg 240w, https:\/\/www.diarioimagen.net\/wp-content\/uploads\/2017\/05\/LICENCIADO3-portal.jpg 480w\" sizes=\"auto, (max-width: 460px) 100vw, 460px\" \/><\/a><p id=\"caption-attachment-324082\" class=\"wp-caption-text\">Damaso L\u00f3pez N\u00fa\u00f1ez fue detenido en un departamento ubicado en el edificio Hares en la Avenida Ej\u00e9rcito Nacional.<\/p><\/div>\n<p>&nbsp;<\/p>\n<p>Elementos de la Secretar\u00eda de la Defensa Nacional (Sedena), y de la Agencia de Investigaci\u00f3n Criminal (AIC) de la PGR aprehendieron en la Ciudad de M\u00e9xico a D\u00e1maso L\u00f3pez N\u00fa\u00f1ez, \u201cEl Licenciado\u201d, uno de los principales operadores del C\u00e1rtel de Sinaloa.<\/p>\n<p>L\u00f3pez N\u00fa\u00f1ez buscaba una alianza con el l\u00edder del C\u00e1rtel Jalisco Nueva Generaci\u00f3n, pero su detenci\u00f3n frustr\u00f3 esta posibilidad.<\/p>\n<p>En un mensaje a medios, el director de la Agencia de Investigaci\u00f3n Criminal, Omar Garc\u00eda Harfuch, confirm\u00f3 que la detenci\u00f3n se realiz\u00f3 la madrugada de ayer martes en un departamento ubicado en el edificio Hares en Avenida Ej\u00e9rcito Nacional y Bah\u00eda de San Hip\u00f3lito, colonia Nueva Anzures, delegaci\u00f3n Miguel Hidalgo.<\/p>\n<p>En un segundo operativo que se llev\u00f3 a cabo en la calle Xanambres 60, de la colonia Tezoz\u00f3moc, en la delegaci\u00f3n Azcapotzalco, se encontraron \u00fanicamente diversos tel\u00e9fonos celulares, tres armas cortas y una memoria USB.<\/p>\n<p>Mientras que en una tercera acci\u00f3n, en un conjunto habitacional residencial de Santa Fe, fue aprehendido Jovany \u201cN\u201d, a quien se le decomisaron tres armas cortas calibre 38, una m\u00e1quina contadora, una bolsa con droga denominada <em>crystal<\/em>, 14 equipos de telefon\u00eda celular y dos computadoras.<\/p>\n<p>El detenido, quien es considerado uno de los principales operadores log\u00edstico y financiero de D\u00e1maso L\u00f3pez en la Ciudad de M\u00e9xico, as\u00ed como generador de violencia en el estado de Sinaloa y sur de Baja California, cuenta con una orden de detenci\u00f3n provisional con fines de extradici\u00f3n. La orden de aprehensi\u00f3n contra esta persona, quien es requerida por la justicia en Virginia, Estados Unidos, fue girada por el Juzgado Noveno de Distrito de Procesos Penales federales en la Ciudad de M\u00e9xico.<\/p>\n<p>El funcionario de la Procuradur\u00eda General de la Rep\u00fablica indic\u00f3 que la operaci\u00f3n se realiz\u00f3 en estricto apego al debido proceso y en todo momento a los detenidos les fueron respetados sus derechos. Los delincuentes fueron puestos a disposici\u00f3n del Agente del Ministerio P\u00fablico de la Federaci\u00f3n de la Subprocuradur\u00eda Especializada en Investigaci\u00f3n de Delincuencia Organizada (SEIDO) de la PGR.<\/p>\n<p>A su vez, el titular de la SEIDO, Alonso Israel Lira, indic\u00f3 que al momento de su detenci\u00f3n a D\u00e1maso L\u00f3pez le fueron asegurados tres paquetes y 22 envoltorios de una sustancia cristalina -al parecer metanfetamina- y seis aparatos de radiocomunicaci\u00f3n celular.<\/p>\n<p>Precis\u00f3 que en las pr\u00f3ximas horas se cumplimentar\u00e1 una orden de aprehensi\u00f3n en contra del detenido, la cual fue otorgada el 3 de febrero de 2016 por el juez cuarto de Distrito de Procesos Penales Federales en Jalisco, por el delito de delincuencia organizada y \u201cse realizar\u00e1 posteriormente, la imputaci\u00f3n por los delitos flagrantes\u201d.<\/p>\n<p>Lira Salas precis\u00f3 que D\u00e1maso L\u00f3pez cuenta con una orden de detenci\u00f3n provisional con fines de extradici\u00f3n formulada por autoridades de Estados Unidos, \u201cpor lo que se espera que dicho gobierno realice la petici\u00f3n formal dentro del t\u00e9rmino de ley conforme al tratado de extradici\u00f3n bilateral suscrito por ambos pa\u00edses\u201d.<\/p>\n<p style=\"text-align: center;\"><strong>Pe\u00f1a Nieto reconoce a Gabinete de Seguridad por la captura<\/strong><\/p>\n<p>Por su parte, el presidente Enrique Pe\u00f1a Nieto reconoci\u00f3 la labor realizada por el Gabinete de Seguridad que llev\u00f3 a la detenci\u00f3n de Damaso L\u00f3pez N\u00fa\u00f1ez apodado \u201cEl Licenciado\u201d, presunto sucesor de Joaqu\u00edn Guzm\u00e1n Loera.<\/p>\n<p>\u201cReconozco al Gabinete de Seguridad, en especial a la @SEDENAmx, por la detenci\u00f3n de otro objetivo clave en el combate a la delincuencia\u201d, escribi\u00f3 en su cuenta de Twitter @EPN.<\/p>\n<p>Adem\u00e1s, sostuvo que: \u201cSeguiremos trabajando con determinaci\u00f3n y compromiso, en coordinaci\u00f3n con los gobiernos locales, para hacer frente a los retos de seguridad\u201d.<\/p>\n<p>Ayer en la madrugada, elementos de la Secretar\u00eda de la Defensa Nacional (Sedena) y la Procuradur\u00eda General de la Rep\u00fablica (PGR) detuvieron en la colonia Nueva Anzures de la Ciudad de M\u00e9xico a L\u00f3pez N\u00fa\u00f1ez.<\/p>\n","protected":false},"excerpt":{"rendered":"<p>Elementos de la Secretar\u00eda de la Defensa Nacional (Sedena), y de la Agencia de Investigaci\u00f3n Criminal (AIC) de la PGR aprehendieron en la Ciudad de M\u00e9xico a D\u00e1maso L\u00f3pez N\u00fa\u00f1ez, \u201cEl Licenciado\u201d, uno de los principales operadores del C\u00e1rtel de Sinaloa.<\/p>\n","protected":false},"author":5,"featured_media":324082,"comment_status":"open","ping_status":"open","sticky":false,"template":"","format":"standard","meta":{"_monsterinsights_skip_tracking":false,"_monsterinsights_sitenote_active":false,"_monsterinsights_sitenote_note":"","_monsterinsights_sitenote_category":0,"footnotes":""},"categories":[7],"tags":[2765,1526,43677],"class_list":["post-324081","post","type-post","status-publish","format-standard","has-post-thumbnail","hentry","category-seguridad","tag-joaquin-el-chapo-guzman-loera","tag-miguel-hidalgo","tag-seguridad"],"_links":{"self":[{"href":"https:\/\/www.diarioimagen.net\/index.php?rest_route=\/wp\/v2\/posts\/324081","targetHints":{"allow":["GET"]}}],"collection":[{"href":"https:\/\/www.diarioimagen.net\/index.php?rest_route=\/wp\/v2\/posts"}],"about":[{"href":"https:\/\/www.diarioimagen.net\/index.php?rest_route=\/wp\/v2\/types\/post"}],"author":[{"embeddable":true,"href":"https:\/\/www.diarioimagen.net\/index.php?rest_route=\/wp\/v2\/users\/5"}],"replies":[{"embeddable":true,"href":"https:\/\/www.diarioimagen.net\/index.php?rest_route=%2Fwp%2Fv2%2Fcomments&post=324081"}],"version-history":[{"count":0,"href":"https:\/\/www.diarioimagen.net\/index.php?rest_route=\/wp\/v2\/posts\/324081\/revisions"}],"wp:featuredmedia":[{"embeddable":true,"href":"https:\/\/www.diarioimagen.net\/index.php?rest_route=\/wp\/v2\/media\/324082"}],"wp:attachment":[{"href":"https:\/\/www.diarioimagen.net\/index.php?rest_route=%2Fwp%2Fv2%2Fmedia&parent=324081"}],"wp:term":[{"taxonomy":"category","embeddable":true,"href":"https:\/\/www.diarioimagen.net\/index.php?rest_route=%2Fwp%2Fv2%2Fcategories&post=324081"},{"taxonomy":"post_tag","embeddable":true,"href":"https:\/\/www.diarioimagen.net\/index.php?rest_route=%2Fwp%2Fv2%2Ftags&post=324081"}],"curies":[{"name":"wp","href":"https:\/\/api.w.org\/{rel}","templated":true}]}}