{"id":324113,"date":"2017-05-03T00:11:24","date_gmt":"2017-05-03T05:11:24","guid":{"rendered":"http:\/\/www.diarioimagen.net\/?p=324113"},"modified":"2017-05-03T03:09:23","modified_gmt":"2017-05-03T08:09:23","slug":"confirma-ieem-reves-a-registro-de-isidro-pastor","status":"publish","type":"post","link":"https:\/\/www.diarioimagen.net\/?p=324113","title":{"rendered":"Confirma IEEM rev\u00e9s a registro de Isidro Pastor"},"content":{"rendered":"<h2>Arco Norte<\/h2>\n<h5>Jos\u00e9 Luis Monta\u00f1ez Aguilar<\/h5>\n<p>&nbsp;<\/p>\n<div id=\"attachment_324196\" style=\"width: 470px\" class=\"wp-caption aligncenter\"><a href=\"http:\/\/www.diarioimagen.net\/?attachment_id=324196\" rel=\"attachment wp-att-324196\"><img loading=\"lazy\" decoding=\"async\" aria-describedby=\"caption-attachment-324196\" class=\"size-large wp-image-324196\" src=\"http:\/\/www.diarioimagen.net\/wp-content\/uploads\/2017\/05\/isidro-pastor-3111-460x259.jpg\" alt=\"\" width=\"460\" height=\"259\" srcset=\"https:\/\/www.diarioimagen.net\/wp-content\/uploads\/2017\/05\/isidro-pastor-3111-460x259.jpg 460w, https:\/\/www.diarioimagen.net\/wp-content\/uploads\/2017\/05\/isidro-pastor-3111-240x135.jpg 240w, https:\/\/www.diarioimagen.net\/wp-content\/uploads\/2017\/05\/isidro-pastor-3111-235x132.jpg 235w, https:\/\/www.diarioimagen.net\/wp-content\/uploads\/2017\/05\/isidro-pastor-3111-202x114.jpg 202w, https:\/\/www.diarioimagen.net\/wp-content\/uploads\/2017\/05\/isidro-pastor-3111-350x196.jpg 350w, https:\/\/www.diarioimagen.net\/wp-content\/uploads\/2017\/05\/isidro-pastor-3111-220x123.jpg 220w, https:\/\/www.diarioimagen.net\/wp-content\/uploads\/2017\/05\/isidro-pastor-3111-237x132.jpg 237w, https:\/\/www.diarioimagen.net\/wp-content\/uploads\/2017\/05\/isidro-pastor-3111.jpg 480w\" sizes=\"auto, (max-width: 460px) 100vw, 460px\" \/><\/a><p id=\"caption-attachment-324196\" class=\"wp-caption-text\">Isidro Pastor Medrano.<\/p><\/div>\n<p>&nbsp;<\/p>\n<p>A efecto de cumplir con los t\u00e9rminos de la sentencia emitida por el Tribunal Electoral del Estado de M\u00e9xico, en el Recurso de Apelaci\u00f3n identificado con la clave RA\/13\/2017 y acumulados, el Consejo General del Instituto Electoral del Estado de M\u00e9xico (IEEM), celebr\u00f3 su 3\u00aa Sesi\u00f3n Especial y, en tiempo y forma, acord\u00f3 que el ciudadano, Isidro Pastor Medrano, no cumpli\u00f3 con el n\u00famero de registros de apoyo ciudadano requeridos para ser registrado como candidato independiente.<\/p>\n<p>Previo a su aprobaci\u00f3n, Gabriel Corona Armenta, consejero electoral, expuso que la Consejer\u00eda a su cargo, realiz\u00f3 una revisi\u00f3n en coordinaci\u00f3n con la Direcci\u00f3n de Partidos Pol\u00edticos a 6,200 registros de\u00a0 apoyo, de los cuales, 1,798, que representan el 29% de lo analizado, presentaron inconsistencias;\u00a0 de ah\u00ed que, haciendo una ponderaci\u00f3n con el total presentado, habr\u00eda una cantidad de 130 mil registros con inconsistencias, lo que implicar\u00eda que no cuenta con el n\u00famero suficiente de c\u00e9dulas de apoyo, ciudadano, para obtener el registro como candidato independiente.<\/p>\n<p>A su vez, los consejeros electorales, Sa\u00fal Mandujano Rubio y Miguel \u00c1ngel Garc\u00eda Hern\u00e1ndez, as\u00ed como las consejeras electorales, Palmira Tapia Palacios y Natalia P\u00e9rez Hern\u00e1ndez, conforme a los art\u00edculos 55 y 56 del Reglamento de Sesiones del Consejo General, formularon un voto concurrente, lo que implica que coinciden en el sentido del Acuerdo, y asimismo dar\u00edan sus respectivos argumentos.<\/p>\n<p>De esta forma, una vez desahogado el procedimiento establecido, y despu\u00e9s de concederle la garant\u00eda de audiencia, no fue otorgado el registro al ciudadano Isidro Pastor Medrano, como candidato independiente a la gubernatura del Estado de M\u00e9xico. Al inicio de la sesi\u00f3n, se tom\u00f3 la protesta de ley a Vicente Carrillo Urb\u00e1n, como representante suplente del Partido Acci\u00f3n Nacional ante el Consejo General del IEEM.<\/p>\n<p><em><a href=\"mailto:montanezaguilar@gmail.com\" target=\"_blank\" rel=\"noopener noreferrer\">montanezaguilar@gmail.com<\/a><\/em><\/p>\n","protected":false},"excerpt":{"rendered":"<p><span style=\"color: #005497;\">Jos\u00e9 Luis Monta\u00f1ez Aguilar<\/span><br \/>\n<br \/>\nA efecto de cumplir con los t\u00e9rminos de la sentencia emitida por el Tribunal Electoral del Estado de M\u00e9xico, en el Recurso de Apelaci\u00f3n identificado con la clave RA\/13\/2017 y acumulados, el Consejo General del Instituto Electoral del Estado de M\u00e9xico (IEEM), celebr\u00f3 su 3\u00aa Sesi\u00f3n Especial y, en tiempo y forma, acord\u00f3 que el ciudadano, Isidro Pastor Medrano, no cumpli\u00f3 con el n\u00famero de registros de apoyo ciudadano requeridos para ser registrado como candidato independiente.<\/p>\n","protected":false},"author":3,"featured_media":324196,"comment_status":"open","ping_status":"open","sticky":false,"template":"","format":"standard","meta":{"_monsterinsights_skip_tracking":false,"_monsterinsights_sitenote_active":false,"_monsterinsights_sitenote_note":"","_monsterinsights_sitenote_category":0,"footnotes":""},"categories":[5],"tags":[13284,43704,43674],"class_list":["post-324113","post","type-post","status-publish","format-standard","has-post-thumbnail","hentry","category-estado-de-mexico","tag-arco-norte","tag-jose-luis-montanez-aguilar","tag-opinion"],"_links":{"self":[{"href":"https:\/\/www.diarioimagen.net\/index.php?rest_route=\/wp\/v2\/posts\/324113","targetHints":{"allow":["GET"]}}],"collection":[{"href":"https:\/\/www.diarioimagen.net\/index.php?rest_route=\/wp\/v2\/posts"}],"about":[{"href":"https:\/\/www.diarioimagen.net\/index.php?rest_route=\/wp\/v2\/types\/post"}],"author":[{"embeddable":true,"href":"https:\/\/www.diarioimagen.net\/index.php?rest_route=\/wp\/v2\/users\/3"}],"replies":[{"embeddable":true,"href":"https:\/\/www.diarioimagen.net\/index.php?rest_route=%2Fwp%2Fv2%2Fcomments&post=324113"}],"version-history":[{"count":0,"href":"https:\/\/www.diarioimagen.net\/index.php?rest_route=\/wp\/v2\/posts\/324113\/revisions"}],"wp:featuredmedia":[{"embeddable":true,"href":"https:\/\/www.diarioimagen.net\/index.php?rest_route=\/wp\/v2\/media\/324196"}],"wp:attachment":[{"href":"https:\/\/www.diarioimagen.net\/index.php?rest_route=%2Fwp%2Fv2%2Fmedia&parent=324113"}],"wp:term":[{"taxonomy":"category","embeddable":true,"href":"https:\/\/www.diarioimagen.net\/index.php?rest_route=%2Fwp%2Fv2%2Fcategories&post=324113"},{"taxonomy":"post_tag","embeddable":true,"href":"https:\/\/www.diarioimagen.net\/index.php?rest_route=%2Fwp%2Fv2%2Ftags&post=324113"}],"curies":[{"name":"wp","href":"https:\/\/api.w.org\/{rel}","templated":true}]}}