{"id":324735,"date":"2017-05-08T00:10:54","date_gmt":"2017-05-08T05:10:54","guid":{"rendered":"http:\/\/www.diarioimagen.net\/?p=324735"},"modified":"2017-05-08T05:34:09","modified_gmt":"2017-05-08T10:34:09","slug":"mexico-tiene-una-deuda-historica-con-afrodescendientes","status":"publish","type":"post","link":"https:\/\/www.diarioimagen.net\/?p=324735","title":{"rendered":"M\u00e9xico tiene una deuda hist\u00f3rica con afrodescendientes"},"content":{"rendered":"<ul>\n<li><strong><em>Presentaci\u00f3n de libro en la UAEM<\/em><\/strong><\/li>\n<\/ul>\n<p>&nbsp;<\/p>\n<div id=\"attachment_324893\" style=\"width: 470px\" class=\"wp-caption aligncenter\"><a href=\"http:\/\/www.diarioimagen.net\/?attachment_id=324893\" rel=\"attachment wp-att-324893\"><img loading=\"lazy\" decoding=\"async\" aria-describedby=\"caption-attachment-324893\" class=\"size-large wp-image-324893\" src=\"http:\/\/www.diarioimagen.net\/wp-content\/uploads\/2017\/05\/UAEM-3114-460x259.jpg\" alt=\"\" width=\"460\" height=\"259\" srcset=\"https:\/\/www.diarioimagen.net\/wp-content\/uploads\/2017\/05\/UAEM-3114-460x259.jpg 460w, https:\/\/www.diarioimagen.net\/wp-content\/uploads\/2017\/05\/UAEM-3114-240x135.jpg 240w, https:\/\/www.diarioimagen.net\/wp-content\/uploads\/2017\/05\/UAEM-3114-235x132.jpg 235w, https:\/\/www.diarioimagen.net\/wp-content\/uploads\/2017\/05\/UAEM-3114-202x114.jpg 202w, https:\/\/www.diarioimagen.net\/wp-content\/uploads\/2017\/05\/UAEM-3114-350x196.jpg 350w, https:\/\/www.diarioimagen.net\/wp-content\/uploads\/2017\/05\/UAEM-3114-220x123.jpg 220w, https:\/\/www.diarioimagen.net\/wp-content\/uploads\/2017\/05\/UAEM-3114-237x132.jpg 237w, https:\/\/www.diarioimagen.net\/wp-content\/uploads\/2017\/05\/UAEM-3114.jpg 480w\" sizes=\"auto, (max-width: 460px) 100vw, 460px\" \/><\/a><p id=\"caption-attachment-324893\" class=\"wp-caption-text\">Presentaci\u00f3n del libro Mujeres africanas y afrodescendientes: Experiencias de esclavitud y libertad en Am\u00e9rica Latina y \u00c1frica. Siglos XVI al XIX, editado por el INAH.<\/p><\/div>\n<p>&nbsp;<\/p>\n<p>M\u00e9xico tiene una deuda hist\u00f3rica con las miles de personas que procedentes de \u00c1frica llegaron a la Nueva Espa\u00f1a y fueron fundamentales en la conformaci\u00f3n de la sociedad mexicana, expres\u00f3 en la Universidad Aut\u00f3noma del Estado de M\u00e9xico, la responsable del\u00a0Programa Nacional de Investigaci\u00f3n Afrodescendientes y Diversidad Cultural de la Coordinaci\u00f3n Nacional de Antropolog\u00eda del Instituto Nacional de Antropolog\u00eda e Historia (INAH),\u00a0Mar\u00eda Elisa Vel\u00e1zquez Guti\u00e9rrez.<\/p>\n<p>Durante la presentaci\u00f3n de\u00a0<em>Mujeres africanas y afrodescendientes: Experiencias de esclavitud y libertad en Am\u00e9rica Latina y \u00c1frica. Siglos XVI al XIX<\/em>, editado por el INAH, la tambi\u00e9n coordinadora de este libro -en conjunto con Carolina Gonz\u00e1lez Undurruaga- indic\u00f3 que este trabajo retoma un tema olvidado en M\u00e9xico: el segundo grupo m\u00e1s importante de poblaci\u00f3n en el pa\u00eds.<\/p>\n<p>En la Casa de la Mora \u201cDr. Juan Arturo Oca\u00f1a Ponce\u201d de la UAEM, donde tambi\u00e9n fue inaugurada la exposici\u00f3n \u201cLo de Candela\u201d, que retrata y reconoce a las comunidades afrodescendientes actuales de la Costa Chica de Guerrero y Oaxaca, Vel\u00e1zquez Guti\u00e9rrez se\u00f1al\u00f3 que las mujeres africanas y afrodescendientes fueron decisivas en la formaci\u00f3n de las sociedades del mundo, como cocineras, amas de leche (nodrizas), lavanderas, parteras, comerciantes o mujeres que incidieron en la pol\u00edtica de su entorno.<\/p>\n<p>Ante estudiantes, catedr\u00e1ticos e investigadores de la Facultad de Humanidades de la Aut\u00f3noma mexiquense, la experta sostuvo que esta obra re\u00fane textos de especialistas que atestiguan distintas vivencias de mujeres negras, mulatas, morenas o pardas en Per\u00fa, M\u00e9xico, Argentina, Nigeria, Costa Rica, Brasil, Angola y Senegal.<\/p>\n<p>Esta es la primera vez, dijo, que se ofrece en espa\u00f1ol, una visi\u00f3n de conjunto, comparando realidades de mujeres esclavizadas y libres de origen africano en puestos, ciudades o haciendas en diversos pa\u00edses de Am\u00e9rica Latina y \u00c1frica.<\/p>\n<p>&nbsp;<\/p>\n","protected":false},"excerpt":{"rendered":"<p>M\u00e9xico tiene una deuda hist\u00f3rica con las miles de personas que procedentes de \u00c1frica llegaron a la Nueva Espa\u00f1a y fueron fundamentales en la conformaci\u00f3n de la sociedad mexicana, expres\u00f3 en la Universidad Aut\u00f3noma del Estado de M\u00e9xico, la responsable del Programa Nacional de Investigaci\u00f3n Afrodescendientes y Diversidad Cultural de la Coordinaci\u00f3n Nacional de Antropolog\u00eda del Instituto Nacional de Antropolog\u00eda e Historia (INAH), Mar\u00eda Elisa Vel\u00e1zquez Guti\u00e9rrez. <\/p>\n","protected":false},"author":3,"featured_media":324893,"comment_status":"open","ping_status":"open","sticky":false,"template":"","format":"standard","meta":{"_monsterinsights_skip_tracking":false,"_monsterinsights_sitenote_active":false,"_monsterinsights_sitenote_note":"","_monsterinsights_sitenote_category":0,"footnotes":""},"categories":[5],"tags":[3895,1490],"class_list":["post-324735","post","type-post","status-publish","format-standard","has-post-thumbnail","hentry","category-estado-de-mexico","tag-inah","tag-universidad-autonoma-del-estado-de-mexico"],"_links":{"self":[{"href":"https:\/\/www.diarioimagen.net\/index.php?rest_route=\/wp\/v2\/posts\/324735","targetHints":{"allow":["GET"]}}],"collection":[{"href":"https:\/\/www.diarioimagen.net\/index.php?rest_route=\/wp\/v2\/posts"}],"about":[{"href":"https:\/\/www.diarioimagen.net\/index.php?rest_route=\/wp\/v2\/types\/post"}],"author":[{"embeddable":true,"href":"https:\/\/www.diarioimagen.net\/index.php?rest_route=\/wp\/v2\/users\/3"}],"replies":[{"embeddable":true,"href":"https:\/\/www.diarioimagen.net\/index.php?rest_route=%2Fwp%2Fv2%2Fcomments&post=324735"}],"version-history":[{"count":0,"href":"https:\/\/www.diarioimagen.net\/index.php?rest_route=\/wp\/v2\/posts\/324735\/revisions"}],"wp:featuredmedia":[{"embeddable":true,"href":"https:\/\/www.diarioimagen.net\/index.php?rest_route=\/wp\/v2\/media\/324893"}],"wp:attachment":[{"href":"https:\/\/www.diarioimagen.net\/index.php?rest_route=%2Fwp%2Fv2%2Fmedia&parent=324735"}],"wp:term":[{"taxonomy":"category","embeddable":true,"href":"https:\/\/www.diarioimagen.net\/index.php?rest_route=%2Fwp%2Fv2%2Fcategories&post=324735"},{"taxonomy":"post_tag","embeddable":true,"href":"https:\/\/www.diarioimagen.net\/index.php?rest_route=%2Fwp%2Fv2%2Ftags&post=324735"}],"curies":[{"name":"wp","href":"https:\/\/api.w.org\/{rel}","templated":true}]}}