{"id":324759,"date":"2017-05-08T00:08:40","date_gmt":"2017-05-08T05:08:40","guid":{"rendered":"http:\/\/www.diarioimagen.net\/?p=324759"},"modified":"2017-05-08T04:52:37","modified_gmt":"2017-05-08T09:52:37","slug":"cerrara-josefina-vazques-mota-basurero-de-tecamac-promete-orden","status":"publish","type":"post","link":"https:\/\/www.diarioimagen.net\/?p=324759","title":{"rendered":"Cerrar\u00e1 Josefina V\u00e1zques Mota basurero de Tec\u00e1mac; promete orden"},"content":{"rendered":"<ul>\n<li><strong><em>Para acabar con la corrupci\u00f3n<\/em><\/strong><\/li>\n<\/ul>\n<p>&nbsp;<\/p>\n<div id=\"attachment_324861\" style=\"width: 470px\" class=\"wp-caption aligncenter\"><a href=\"http:\/\/www.diarioimagen.net\/?attachment_id=324861\" rel=\"attachment wp-att-324861\"><img loading=\"lazy\" decoding=\"async\" aria-describedby=\"caption-attachment-324861\" class=\"size-large wp-image-324861\" src=\"http:\/\/www.diarioimagen.net\/wp-content\/uploads\/2017\/05\/josefina-3114-460x259.jpg\" alt=\"\" width=\"460\" height=\"259\" srcset=\"https:\/\/www.diarioimagen.net\/wp-content\/uploads\/2017\/05\/josefina-3114-460x259.jpg 460w, https:\/\/www.diarioimagen.net\/wp-content\/uploads\/2017\/05\/josefina-3114-240x135.jpg 240w, https:\/\/www.diarioimagen.net\/wp-content\/uploads\/2017\/05\/josefina-3114-235x132.jpg 235w, https:\/\/www.diarioimagen.net\/wp-content\/uploads\/2017\/05\/josefina-3114-202x114.jpg 202w, https:\/\/www.diarioimagen.net\/wp-content\/uploads\/2017\/05\/josefina-3114-350x196.jpg 350w, https:\/\/www.diarioimagen.net\/wp-content\/uploads\/2017\/05\/josefina-3114-220x123.jpg 220w, https:\/\/www.diarioimagen.net\/wp-content\/uploads\/2017\/05\/josefina-3114-237x132.jpg 237w, https:\/\/www.diarioimagen.net\/wp-content\/uploads\/2017\/05\/josefina-3114.jpg 480w\" sizes=\"auto, (max-width: 460px) 100vw, 460px\" \/><\/a><p id=\"caption-attachment-324861\" class=\"wp-caption-text\">De visita por el municipio de Tec\u00e1mac, Josefina V\u00e1zquez Mota se\u00f1al\u00f3 que como gobernadora pondr\u00e1 orden y justicia.<\/p><\/div>\n<p>&nbsp;<\/p>\n<p><strong>Tec\u00e1mac, Estado de M\u00e9xico<\/strong>.- Josefina V\u00e1zquez Mota asumi\u00f3 ante rotarios, microempresarios, transportistas industriales y liderazgos sociales de la regi\u00f3n de Tec\u00e1mac cerrar el basurero al aire libre de estemunicipio, as\u00ed como implementar un sistema de tratamiento de aguas negras, acabar con la inseguridad y con la corrupci\u00f3n.<\/p>\n<p>La candidata del PAN a la gubernatura del Estado de M\u00e9xico se\u00f1al\u00f3 que en esta demarcaci\u00f3n, el a\u00f1o pasado se levantaron miles de denuncias por delitos como violaciones, extorsiones, robo de veh\u00edculos y asaltos. Adem\u00e1s, se perpetraron casi 200 homicidios, pero hubo pocas consignaciones, lo que habla de corrupci\u00f3n, impunidad y complicidad de quienes imparten justicia.<\/p>\n<p>Se\u00f1al\u00f3 que como gobernadora pondr\u00e1 orden y justicia. Sin corrupci\u00f3n e inseguridad, dijo, apoyar\u00e1 la creaci\u00f3n de un mill\u00f3n de empleos para que los mexiquenses abandonen la pobreza.<\/p>\n<p>Josefina, la luchadora de la seguridad y el empleo<\/p>\n<p>Durante una funci\u00f3n de lucha libre, realizada en Los H\u00e9roes Tec\u00e1mac, la candidata del PAN al Gobierno del Estado de M\u00e9xico asumi\u00f3, \u201cdesde la esquina de los t\u00e9cnicos\u201d, el compromiso de poner orden y justicia, para lo que tambi\u00e9n puede ser ruda.<\/p>\n<p>\u201cLucho para que haya mejores escuelas, tambi\u00e9n por un mill\u00f3n de empleos y por la seguridad, para que vivan sin miedo\u201d.<\/p>\n<p>Con los luchadores Atlantis y Marco Corleone encabezando la funci\u00f3n, Josefina expres\u00f3 en medio del cuadril\u00e1tero que ella le pondr\u00e1 una llave quebradora a la inseguridad y a los delincuentes; as\u00ed comouna llave Wilson a la corrupci\u00f3n.<\/p>\n<p>Ser\u00e1, dijo, una luchadora ruda si los de enfrente quieren guerra sucia, pero para los que quieran jugar bien ser\u00e1 t\u00e9cnica. Finalmente asegur\u00f3 a cientos de mujeres, hombres, j\u00f3venes, ni\u00f1as, ni\u00f1os y personas con discapacidad que ella luchar\u00e1 por ellos, por lo que los exhort\u00f3 a luchar sin miedo para sacar al PRI del ring el 4 de junio, con la llave m\u00e1s poderosa en la lucha libre: el voto.<\/p>\n<p>&nbsp;<\/p>\n","protected":false},"excerpt":{"rendered":"<p>Josefina V\u00e1zquez Mota asumi\u00f3 ante rotarios, microempresarios, transportistas industriales y liderazgos sociales de la regi\u00f3n de Tec\u00e1mac cerrar el basurero al aire libre de estemunicipio, as\u00ed como implementar un sistema de tratamiento de aguas negras, acabar con la inseguridad y con la corrupci\u00f3n.<\/p>\n","protected":false},"author":3,"featured_media":324861,"comment_status":"open","ping_status":"open","sticky":false,"template":"","format":"standard","meta":{"_monsterinsights_skip_tracking":false,"_monsterinsights_sitenote_active":false,"_monsterinsights_sitenote_note":"","_monsterinsights_sitenote_category":0,"footnotes":""},"categories":[35155],"tags":[43675,363,91,8026],"class_list":["post-324759","post","type-post","status-publish","format-standard","has-post-thumbnail","hentry","category-estado-de-mexico-estado-de-mexico","tag-estado-de-mexico","tag-josefina-vazquez-mota","tag-pan","tag-tecamac"],"_links":{"self":[{"href":"https:\/\/www.diarioimagen.net\/index.php?rest_route=\/wp\/v2\/posts\/324759","targetHints":{"allow":["GET"]}}],"collection":[{"href":"https:\/\/www.diarioimagen.net\/index.php?rest_route=\/wp\/v2\/posts"}],"about":[{"href":"https:\/\/www.diarioimagen.net\/index.php?rest_route=\/wp\/v2\/types\/post"}],"author":[{"embeddable":true,"href":"https:\/\/www.diarioimagen.net\/index.php?rest_route=\/wp\/v2\/users\/3"}],"replies":[{"embeddable":true,"href":"https:\/\/www.diarioimagen.net\/index.php?rest_route=%2Fwp%2Fv2%2Fcomments&post=324759"}],"version-history":[{"count":0,"href":"https:\/\/www.diarioimagen.net\/index.php?rest_route=\/wp\/v2\/posts\/324759\/revisions"}],"wp:featuredmedia":[{"embeddable":true,"href":"https:\/\/www.diarioimagen.net\/index.php?rest_route=\/wp\/v2\/media\/324861"}],"wp:attachment":[{"href":"https:\/\/www.diarioimagen.net\/index.php?rest_route=%2Fwp%2Fv2%2Fmedia&parent=324759"}],"wp:term":[{"taxonomy":"category","embeddable":true,"href":"https:\/\/www.diarioimagen.net\/index.php?rest_route=%2Fwp%2Fv2%2Fcategories&post=324759"},{"taxonomy":"post_tag","embeddable":true,"href":"https:\/\/www.diarioimagen.net\/index.php?rest_route=%2Fwp%2Fv2%2Ftags&post=324759"}],"curies":[{"name":"wp","href":"https:\/\/api.w.org\/{rel}","templated":true}]}}