{"id":324977,"date":"2017-05-09T00:11:30","date_gmt":"2017-05-09T05:11:30","guid":{"rendered":"http:\/\/www.diarioimagen.net\/?p=324977"},"modified":"2017-05-09T23:57:15","modified_gmt":"2017-05-10T04:57:15","slug":"se-reduce-la-distancia-entre-del-mazo-y-delfina","status":"publish","type":"post","link":"https:\/\/www.diarioimagen.net\/?p=324977","title":{"rendered":"Se reduce la distancia entre Del Mazo y Delfina"},"content":{"rendered":"<ul>\n<li><strong><em>Candidatos a Edomex as\u00ed llegan al 2\u00ba debate<\/em><\/strong><\/li>\n<\/ul>\n<h6>Jos\u00e9 Luis Monta\u00f1ez<\/h6>\n<p>&nbsp;<\/p>\n<div id=\"attachment_325139\" style=\"width: 470px\" class=\"wp-caption aligncenter\"><a href=\"http:\/\/www.diarioimagen.net\/?attachment_id=325139\" rel=\"attachment wp-att-325139\"><img loading=\"lazy\" decoding=\"async\" aria-describedby=\"caption-attachment-325139\" class=\"size-large wp-image-325139\" src=\"http:\/\/www.diarioimagen.net\/wp-content\/uploads\/2017\/05\/debate-3115-460x230.jpg\" alt=\"\" width=\"460\" height=\"230\" srcset=\"https:\/\/www.diarioimagen.net\/wp-content\/uploads\/2017\/05\/debate-3115-460x230.jpg 460w, https:\/\/www.diarioimagen.net\/wp-content\/uploads\/2017\/05\/debate-3115-240x120.jpg 240w, https:\/\/www.diarioimagen.net\/wp-content\/uploads\/2017\/05\/debate-3115.jpg 700w\" sizes=\"auto, (max-width: 460px) 100vw, 460px\" \/><\/a><p id=\"caption-attachment-325139\" class=\"wp-caption-text\">Hoy, nuevamente se ven las caras los seis aspirantes al gobierno mexiquense.<\/p><\/div>\n<p>&nbsp;<\/p>\n<p>El pri\u00edsta Alfredo Del Mazo Maza y la morenista Delfina G\u00f3mez, ambos candidatos a suceder en el cargo de gobernador de Edomex, doctor Eruviel \u00c1vila Villegas, llegan esta noche al segundo debate p\u00fablico con preferencias electorales que los colocan a poca distancia. S\u00f3lo dos puntos los separan entre s\u00ed, de acuerdo a los \u00faltimos sondeos.<\/p>\n<p>Desde el inicio de las campa\u00f1as electorales, el abanderado tricolor, Del Mazo Maza, no ha dejado de encabezar todas las encuestas, aunque los \u00faltimos d\u00edas la distancia entre ambos aspirantes se redujo de cuatro a s\u00f3lo dos puntos.<\/p>\n<p>Las elecciones en el Estado de M\u00e9xico est\u00e1n programadas para el domingo 4 de junio, por lo que el debate de hoy marcar\u00e1 seguramente al posible ganador de la contienda y el rumbo de la elecci\u00f3n presidencial en 2018.<\/p>\n<p>En cuanto a la candidata panista, Josefina V\u00e1zquez Mota, se percibe una baja notable en cuanto a su ritmo de preferencias, pues con s\u00f3lo diez puntos porcentuales en este momento, est\u00e1 situada en la cuarta posici\u00f3n de las gr\u00e1ficas. El perredista Juan Zepeda ha venido de atr\u00e1s hacia adelante con fuerza y con 11 puntos logra el tercer lugar. Se espera un segundo debate fuerte entre los aspirantes a la gubernatura mexiquense.<\/p>\n<p>&nbsp;<\/p>\n","protected":false},"excerpt":{"rendered":"<p><span style=\"color: #005497;\">Jos\u00e9 Luis Monta\u00f1ez<\/span><br \/>\n<br \/>\nEl pri\u00edsta Alfredo Del Mazo Maza y la morenista Delfina G\u00f3mez, ambos candidatos a suceder en el cargo de gobernador de Edomex, doctor Eruviel \u00c1vila Villegas, llegan esta noche al segundo debate p\u00fablico con preferencias electorales que los colocan a poca distancia. S\u00f3lo dos puntos los separan entre s\u00ed, de acuerdo a los \u00faltimos sondeos.<\/p>\n","protected":false},"author":3,"featured_media":325139,"comment_status":"open","ping_status":"open","sticky":false,"template":"","format":"standard","meta":{"_monsterinsights_skip_tracking":false,"_monsterinsights_sitenote_active":false,"_monsterinsights_sitenote_note":"","_monsterinsights_sitenote_category":0,"footnotes":""},"categories":[5],"tags":[2505,13751,57859,43675,363],"class_list":["post-324977","post","type-post","status-publish","format-standard","has-post-thumbnail","hentry","category-estado-de-mexico","tag-alfredo-del-mazo-maza","tag-debate","tag-delfina-gomez-alvarez","tag-estado-de-mexico","tag-josefina-vazquez-mota"],"_links":{"self":[{"href":"https:\/\/www.diarioimagen.net\/index.php?rest_route=\/wp\/v2\/posts\/324977","targetHints":{"allow":["GET"]}}],"collection":[{"href":"https:\/\/www.diarioimagen.net\/index.php?rest_route=\/wp\/v2\/posts"}],"about":[{"href":"https:\/\/www.diarioimagen.net\/index.php?rest_route=\/wp\/v2\/types\/post"}],"author":[{"embeddable":true,"href":"https:\/\/www.diarioimagen.net\/index.php?rest_route=\/wp\/v2\/users\/3"}],"replies":[{"embeddable":true,"href":"https:\/\/www.diarioimagen.net\/index.php?rest_route=%2Fwp%2Fv2%2Fcomments&post=324977"}],"version-history":[{"count":0,"href":"https:\/\/www.diarioimagen.net\/index.php?rest_route=\/wp\/v2\/posts\/324977\/revisions"}],"wp:featuredmedia":[{"embeddable":true,"href":"https:\/\/www.diarioimagen.net\/index.php?rest_route=\/wp\/v2\/media\/325139"}],"wp:attachment":[{"href":"https:\/\/www.diarioimagen.net\/index.php?rest_route=%2Fwp%2Fv2%2Fmedia&parent=324977"}],"wp:term":[{"taxonomy":"category","embeddable":true,"href":"https:\/\/www.diarioimagen.net\/index.php?rest_route=%2Fwp%2Fv2%2Fcategories&post=324977"},{"taxonomy":"post_tag","embeddable":true,"href":"https:\/\/www.diarioimagen.net\/index.php?rest_route=%2Fwp%2Fv2%2Ftags&post=324977"}],"curies":[{"name":"wp","href":"https:\/\/api.w.org\/{rel}","templated":true}]}}