{"id":324986,"date":"2017-05-09T00:09:54","date_gmt":"2017-05-09T05:09:54","guid":{"rendered":"http:\/\/www.diarioimagen.net\/?p=324986"},"modified":"2017-05-09T06:04:18","modified_gmt":"2017-05-09T11:04:18","slug":"prision-preventiva-desde-los-14-anos-aprueba-scjn","status":"publish","type":"post","link":"https:\/\/www.diarioimagen.net\/?p=324986","title":{"rendered":"Prisi\u00f3n preventiva desde los 14 a\u00f1os, aprueba SCJN"},"content":{"rendered":"<ul>\n<li><strong><em>Desechan la acci\u00f3n de inconstitucionalidad que interpuso la CNDH<\/em><\/strong><\/li>\n<\/ul>\n<p>&nbsp;<\/p>\n<div id=\"attachment_325098\" style=\"width: 470px\" class=\"wp-caption aligncenter\"><a href=\"http:\/\/www.diarioimagen.net\/?attachment_id=325098\" rel=\"attachment wp-att-325098\"><img loading=\"lazy\" decoding=\"async\" aria-describedby=\"caption-attachment-325098\" class=\"size-large wp-image-325098\" src=\"http:\/\/www.diarioimagen.net\/wp-content\/uploads\/2017\/05\/suprema-3115-460x259.jpg\" alt=\"\" width=\"460\" height=\"259\" srcset=\"https:\/\/www.diarioimagen.net\/wp-content\/uploads\/2017\/05\/suprema-3115-460x259.jpg 460w, https:\/\/www.diarioimagen.net\/wp-content\/uploads\/2017\/05\/suprema-3115-240x135.jpg 240w, https:\/\/www.diarioimagen.net\/wp-content\/uploads\/2017\/05\/suprema-3115-235x132.jpg 235w, https:\/\/www.diarioimagen.net\/wp-content\/uploads\/2017\/05\/suprema-3115-202x114.jpg 202w, https:\/\/www.diarioimagen.net\/wp-content\/uploads\/2017\/05\/suprema-3115-350x196.jpg 350w, https:\/\/www.diarioimagen.net\/wp-content\/uploads\/2017\/05\/suprema-3115-220x123.jpg 220w, https:\/\/www.diarioimagen.net\/wp-content\/uploads\/2017\/05\/suprema-3115-237x132.jpg 237w, https:\/\/www.diarioimagen.net\/wp-content\/uploads\/2017\/05\/suprema-3115.jpg 480w\" sizes=\"auto, (max-width: 460px) 100vw, 460px\" \/><\/a><p id=\"caption-attachment-325098\" class=\"wp-caption-text\">El pleno de la SCJN aprob\u00f3 la Ley Nacional de Sistema Integral de Justicia Penal para Adolescentes que establece prisi\u00f3n preventiva a partir de los 14 a\u00f1os.<\/p><\/div>\n<p>&nbsp;<\/p>\n<p>El pleno de la Suprema Corte de Justicia de la Naci\u00f3n (SCJN) declar\u00f3 constitucional el internamiento preventivo de los adolescentes desde los 14 a\u00f1os de edad acusados por delitos graves, para que se les prive de la libertad hasta por cinco meses mientras se les dicta sentencia.<\/p>\n<p>Con ocho votos a favor y tres en contra, el pleno de la SCJN aprob\u00f3 la Ley Nacional de Sistema Integral de Justicia Penal para Adolescentes que establece la privaci\u00f3n de la libertad de los menores de 18 a\u00f1os, en delitos espec\u00edficamente graves.<\/p>\n<p>Dicho internamiento s\u00f3lo puede ser aplicado excepcionalmente, sujeto a revisi\u00f3n mensual por el juez, y s\u00f3lo en caso de homicidio calificado, narcotr\u00e1fico, delincuencia organizada, terrorismo, extorsi\u00f3n agravada, violaci\u00f3n, lesiones graves, trata de personas y robo con violencia.<\/p>\n<p>El ministro Jorge Mario Pardo Rebolledo expres\u00f3 que con frecuencia, la delincuencia organizada utiliza a menores de edad en algunas de las conductas il\u00edcitas que lleva a cabo, \u201cy en esta medida, entiendo yo tambi\u00e9n, que en su caso y cuando se justifique, como medida excepcional, la medida de internamiento provisional tambi\u00e9n tiende a la protecci\u00f3n incluso f\u00edsica de ese adolescente que, por muy diversas razones se puede ver involucrado en la comisi\u00f3n de este tipo de delitos, a veces delitos sumamente graves y sumamente impactantes para la sociedad\u201d.<\/p>\n<p>La mayor\u00eda de los ministros vot\u00f3 a favor de desechar la acci\u00f3n de inconstitucionalidad que interpuso la Comisi\u00f3n Nacional de Derechos Humanos, organismo que aleg\u00f3 que el mencionado estatuto confund\u00eda los conceptos de internamiento y prisi\u00f3n preventiva.<\/p>\n<p>Sin embargo, el pleno de la SCJN determin\u00f3 que en la Constituci\u00f3n no existe una prohibici\u00f3n expresa para que los menores sean sujetos a prisi\u00f3n preventiva.<\/p>\n<p>El ministro Fernando Franco Gonz\u00e1lez Salas propuso desde la semana pasada avalar que los adolescentes que cometan delitos graves sean privados de su libertad, porque hay razones en la Constituci\u00f3n para aplicar dicha medida contra los menores infractores.<\/p>\n<p>\u201cHonestamente, creo que hay razones suficientemente constitucionales, convencionales, e inclusive, por beneficio de la sociedad para que esa figura pueda aplicarse, tambi\u00e9n -de manera preventiva- en los casos extremos, como la propia Constituci\u00f3n lo se\u00f1ala\u201d, declar\u00f3 el ministro ponente.<\/p>\n<p>No obstante, los ministros, como Jos\u00e9 Ram\u00f3n Coss\u00edo D\u00edaz, Arturo Zald\u00edvar Lelo de Larrea y Norma Luc\u00eda Pi\u00f1a Hern\u00e1ndez, votaron en contra de la propuesta.<\/p>\n<p>&nbsp;<\/p>\n","protected":false},"excerpt":{"rendered":"<p>El pleno de la Suprema Corte de Justicia de la Naci\u00f3n (SCJN) declar\u00f3 constitucional el internamiento preventivo de los adolescentes desde los 14 a\u00f1os de edad acusados por delitos graves, para que se les prive de la libertad hasta por cinco meses mientras se les dicta sentencia.<\/p>\n","protected":false},"author":3,"featured_media":325098,"comment_status":"open","ping_status":"open","sticky":false,"template":"","format":"standard","meta":{"_monsterinsights_skip_tracking":false,"_monsterinsights_sitenote_active":false,"_monsterinsights_sitenote_note":"","_monsterinsights_sitenote_category":0,"footnotes":""},"categories":[7],"tags":[3364,8203,2852,43677],"class_list":["post-324986","post","type-post","status-publish","format-standard","has-post-thumbnail","hentry","category-seguridad","tag-comision-nacional-de-derechos-humanos","tag-menores","tag-scjn","tag-seguridad"],"_links":{"self":[{"href":"https:\/\/www.diarioimagen.net\/index.php?rest_route=\/wp\/v2\/posts\/324986","targetHints":{"allow":["GET"]}}],"collection":[{"href":"https:\/\/www.diarioimagen.net\/index.php?rest_route=\/wp\/v2\/posts"}],"about":[{"href":"https:\/\/www.diarioimagen.net\/index.php?rest_route=\/wp\/v2\/types\/post"}],"author":[{"embeddable":true,"href":"https:\/\/www.diarioimagen.net\/index.php?rest_route=\/wp\/v2\/users\/3"}],"replies":[{"embeddable":true,"href":"https:\/\/www.diarioimagen.net\/index.php?rest_route=%2Fwp%2Fv2%2Fcomments&post=324986"}],"version-history":[{"count":0,"href":"https:\/\/www.diarioimagen.net\/index.php?rest_route=\/wp\/v2\/posts\/324986\/revisions"}],"wp:featuredmedia":[{"embeddable":true,"href":"https:\/\/www.diarioimagen.net\/index.php?rest_route=\/wp\/v2\/media\/325098"}],"wp:attachment":[{"href":"https:\/\/www.diarioimagen.net\/index.php?rest_route=%2Fwp%2Fv2%2Fmedia&parent=324986"}],"wp:term":[{"taxonomy":"category","embeddable":true,"href":"https:\/\/www.diarioimagen.net\/index.php?rest_route=%2Fwp%2Fv2%2Fcategories&post=324986"},{"taxonomy":"post_tag","embeddable":true,"href":"https:\/\/www.diarioimagen.net\/index.php?rest_route=%2Fwp%2Fv2%2Ftags&post=324986"}],"curies":[{"name":"wp","href":"https:\/\/api.w.org\/{rel}","templated":true}]}}