{"id":325017,"date":"2017-05-09T00:02:57","date_gmt":"2017-05-09T05:02:57","guid":{"rendered":"http:\/\/www.diarioimagen.net\/?p=325017"},"modified":"2017-05-09T06:36:04","modified_gmt":"2017-05-09T11:36:04","slug":"seguridad-publica-de-tultitlan-asegura-a-tres-delincuentes","status":"publish","type":"post","link":"https:\/\/www.diarioimagen.net\/?p=325017","title":{"rendered":"Seguridad P\u00fablica de Tultitl\u00e1n asegura a tres delincuentes"},"content":{"rendered":"<p><a href=\"http:\/\/www.diarioimagen.net\/?attachment_id=325122\" rel=\"attachment wp-att-325122\"><img loading=\"lazy\" decoding=\"async\" class=\"aligncenter size-large wp-image-325122\" src=\"http:\/\/www.diarioimagen.net\/wp-content\/uploads\/2017\/05\/tultitlan-3115-460x259.jpg\" alt=\"\" width=\"460\" height=\"259\" srcset=\"https:\/\/www.diarioimagen.net\/wp-content\/uploads\/2017\/05\/tultitlan-3115-460x259.jpg 460w, https:\/\/www.diarioimagen.net\/wp-content\/uploads\/2017\/05\/tultitlan-3115-240x135.jpg 240w, https:\/\/www.diarioimagen.net\/wp-content\/uploads\/2017\/05\/tultitlan-3115-235x132.jpg 235w, https:\/\/www.diarioimagen.net\/wp-content\/uploads\/2017\/05\/tultitlan-3115-202x114.jpg 202w, https:\/\/www.diarioimagen.net\/wp-content\/uploads\/2017\/05\/tultitlan-3115-350x196.jpg 350w, https:\/\/www.diarioimagen.net\/wp-content\/uploads\/2017\/05\/tultitlan-3115-220x123.jpg 220w, https:\/\/www.diarioimagen.net\/wp-content\/uploads\/2017\/05\/tultitlan-3115-237x132.jpg 237w, https:\/\/www.diarioimagen.net\/wp-content\/uploads\/2017\/05\/tultitlan-3115.jpg 480w\" sizes=\"auto, (max-width: 460px) 100vw, 460px\" \/><\/a><\/p>\n<p>&nbsp;<\/p>\n<p><strong>Tultitl\u00e1n, Estado de M\u00e9xico.-<\/strong> Elementos de Seguridad P\u00fablica, Vialidad y Protecci\u00f3n Civil, llevan a cabo de manera permanente diversos operativos que despliegan por las tres zonas de la demarcaci\u00f3n, donde han logrado la detenci\u00f3n de presuntos\u00a0 individuos que infringen la ley.<\/p>\n<p>Elementos de dicha corporaci\u00f3n se\u00f1alaron que en distintos operativos detuvieron a Jes\u00fas \u201cN\u201d, de 37 a\u00f1os, por robo a transporte de carga en el domicilio Melchor Ocampo, por lo que las autoridades lograron\u00a0detener al presunto delincuente, mismo que al momento de la detenci\u00f3n se encontraba arriba de la unidad y fue\u00a0 puesto a disposici\u00f3n del Ministerio P\u00fablico.<\/p>\n","protected":false},"excerpt":{"rendered":"<p>Elementos de Seguridad P\u00fablica, Vialidad y Protecci\u00f3n Civil, llevan a cabo de manera permanente diversos operativos que despliegan por las tres zonas de la demarcaci\u00f3n, donde han logrado la detenci\u00f3n de presuntos  individuos que infringen la ley.<\/p>\n","protected":false},"author":3,"featured_media":325122,"comment_status":"open","ping_status":"open","sticky":false,"template":"","format":"standard","meta":{"_monsterinsights_skip_tracking":false,"_monsterinsights_sitenote_active":false,"_monsterinsights_sitenote_note":"","_monsterinsights_sitenote_category":0,"footnotes":""},"categories":[35155],"tags":[43675,1399,1088,578],"class_list":["post-325017","post","type-post","status-publish","format-standard","has-post-thumbnail","hentry","category-estado-de-mexico-estado-de-mexico","tag-estado-de-mexico","tag-ministerio-publico","tag-seguridad-publica","tag-tultitlan"],"_links":{"self":[{"href":"https:\/\/www.diarioimagen.net\/index.php?rest_route=\/wp\/v2\/posts\/325017","targetHints":{"allow":["GET"]}}],"collection":[{"href":"https:\/\/www.diarioimagen.net\/index.php?rest_route=\/wp\/v2\/posts"}],"about":[{"href":"https:\/\/www.diarioimagen.net\/index.php?rest_route=\/wp\/v2\/types\/post"}],"author":[{"embeddable":true,"href":"https:\/\/www.diarioimagen.net\/index.php?rest_route=\/wp\/v2\/users\/3"}],"replies":[{"embeddable":true,"href":"https:\/\/www.diarioimagen.net\/index.php?rest_route=%2Fwp%2Fv2%2Fcomments&post=325017"}],"version-history":[{"count":0,"href":"https:\/\/www.diarioimagen.net\/index.php?rest_route=\/wp\/v2\/posts\/325017\/revisions"}],"wp:featuredmedia":[{"embeddable":true,"href":"https:\/\/www.diarioimagen.net\/index.php?rest_route=\/wp\/v2\/media\/325122"}],"wp:attachment":[{"href":"https:\/\/www.diarioimagen.net\/index.php?rest_route=%2Fwp%2Fv2%2Fmedia&parent=325017"}],"wp:term":[{"taxonomy":"category","embeddable":true,"href":"https:\/\/www.diarioimagen.net\/index.php?rest_route=%2Fwp%2Fv2%2Fcategories&post=325017"},{"taxonomy":"post_tag","embeddable":true,"href":"https:\/\/www.diarioimagen.net\/index.php?rest_route=%2Fwp%2Fv2%2Ftags&post=325017"}],"curies":[{"name":"wp","href":"https:\/\/api.w.org\/{rel}","templated":true}]}}