{"id":325209,"date":"2017-05-10T00:13:29","date_gmt":"2017-05-10T05:13:29","guid":{"rendered":"http:\/\/www.diarioimagen.net\/?p=325209"},"modified":"2017-05-10T03:11:24","modified_gmt":"2017-05-10T08:11:24","slug":"promocional-del-gobierno-no-coacciona-el-voto-ine","status":"publish","type":"post","link":"https:\/\/www.diarioimagen.net\/?p=325209","title":{"rendered":"Promocional del gobierno no coacciona el voto: INE"},"content":{"rendered":"<h2>Arco Norte<\/h2>\n<h5>Jos\u00e9 Luis Monta\u00f1ez Aguilar<\/h5>\n<p>&nbsp;<\/p>\n<p>La autoridad electoral federal declar\u00f3 improcedente una medida cautelar contra un promocional en radio y televisi\u00f3n sobre entrega de computadoras y becas, difundidos por el gobierno del Estado de M\u00e9xico.<\/p>\n<p>En sesi\u00f3n extraordinaria urgente, la Comisi\u00f3n de Quejas y Denuncias del INE desech\u00f3 la denuncia solicitada por Morena y por el PAN, pues el spot dej\u00f3 de transmitirse el pasado 30 de abril.<\/p>\n<p>Morena acus\u00f3 al gobierno mexiquense de contravenir la norma electoral al contener propaganda prohibida para el periodo de campa\u00f1a electoral que se desarrolla en la entidad.<\/p>\n<p>La comisi\u00f3n determin\u00f3 no dictar tutela preventiva para que no se difundiera nuevamente, pues a juicio de las consejeras Adriana Favela y Claudia Zavala no hay elementos que evidencien una posible retransmisi\u00f3n o reprogramaci\u00f3n del material denunciado.<\/p>\n<p>Al anunciar un voto concurrente, el consejero Jos\u00e9 Roberto Ruiz Salda\u00f1a explic\u00f3 que si bien compart\u00eda la improcedencia de la medida cautelar respecto del promocional mencionado porque ya no se difunde, a su juicio s\u00ed debi\u00f3 otorgarse la tutela preventiva.<\/p>\n<p>Se\u00f1al\u00f3 que el spot contiene elementos que podr\u00edan contravenir las normas sobre propaganda gubernamental aprobadas por el INE, al difundir el emblema del gobierno del Estado de M\u00e9xico, as\u00ed como frases que exaltan los beneficios concedidos por \u00e9ste.<\/p>\n<p style=\"text-align: center;\">\n<p style=\"text-align: center;\"><strong>FGJEM capacita sobre el Sistema Estatal Anticorrupci\u00f3n<\/strong><\/p>\n<p style=\"text-align: center;\">\n<p><a href=\"http:\/\/www.diarioimagen.net\/?attachment_id=325329\" rel=\"attachment wp-att-325329\"><img loading=\"lazy\" decoding=\"async\" class=\"aligncenter size-large wp-image-325329\" src=\"http:\/\/www.diarioimagen.net\/wp-content\/uploads\/2017\/05\/FGJEM3116-460x259.jpg\" alt=\"\" width=\"460\" height=\"259\" srcset=\"https:\/\/www.diarioimagen.net\/wp-content\/uploads\/2017\/05\/FGJEM3116-460x259.jpg 460w, https:\/\/www.diarioimagen.net\/wp-content\/uploads\/2017\/05\/FGJEM3116-240x135.jpg 240w, https:\/\/www.diarioimagen.net\/wp-content\/uploads\/2017\/05\/FGJEM3116-235x132.jpg 235w, https:\/\/www.diarioimagen.net\/wp-content\/uploads\/2017\/05\/FGJEM3116-202x114.jpg 202w, https:\/\/www.diarioimagen.net\/wp-content\/uploads\/2017\/05\/FGJEM3116-350x196.jpg 350w, https:\/\/www.diarioimagen.net\/wp-content\/uploads\/2017\/05\/FGJEM3116-220x123.jpg 220w, https:\/\/www.diarioimagen.net\/wp-content\/uploads\/2017\/05\/FGJEM3116-237x132.jpg 237w, https:\/\/www.diarioimagen.net\/wp-content\/uploads\/2017\/05\/FGJEM3116.jpg 480w\" sizes=\"auto, (max-width: 460px) 100vw, 460px\" \/><\/a><\/p>\n<p>&nbsp;<\/p>\n<p>En coordinaci\u00f3n con la Secretar\u00eda de la Contralor\u00eda estatal, el fiscal Central Jur\u00eddico de la Fiscal\u00eda General de Justicia Estatal del Estado de M\u00e9xico (FGJEM), encabez\u00f3 la presentaci\u00f3n del Sistema Estatal Anticorrupci\u00f3n a personal de la Contralor\u00eda interna de la instituci\u00f3n.<\/p>\n<p>Por lo que el fiscal Central Jur\u00eddico reconoci\u00f3 que el Sistema Estatal Anticorrupci\u00f3n representa un esquema mucho m\u00e1s amplio para combatir la corrupci\u00f3n y sancionar las irregularidades administrativas en general. Tambi\u00e9n dijo que este sistema tiene el objetivo para prevenir la corrupci\u00f3n y cumplir los principios del servicio p\u00fablico.<\/p>\n<p>Por su parte, el director general de Responsabilidades, de la Secretar\u00eda de la Contralor\u00eda del Estado de M\u00e9xico, tom\u00f3 la palabra para se\u00f1alar que la corrupci\u00f3n debe de combatirse desde los niveles m\u00e1s bajos hasta las grandes redes de corrupci\u00f3n, y esa es la idea del nuevo sistema.<\/p>\n<p>Mencion\u00f3 que el Sistema Estatal Anticorrupci\u00f3n que entrar\u00e1 en vigor pr\u00f3ximamente, destaca nuevas figuras como la coordinaci\u00f3n entre los entes fiscalizadores, entre los involucrados en el combate a la corrupci\u00f3n, la transparencia, la instalaci\u00f3n de un comit\u00e9 coordinador y la participaci\u00f3n ciudadana. Adem\u00e1s, se dieron a conocer los procedimientos para la detecci\u00f3n, la investigaci\u00f3n, el procesamiento y en su caso la sanci\u00f3n de infracciones administrativas en la FGJEM.<\/p>\n<p><em><a href=\"mailto:montanezaguilar@gmail.com\" target=\"_blank\" rel=\"noopener noreferrer\">montanezaguilar@gmail.com<\/a><\/em><\/p>\n","protected":false},"excerpt":{"rendered":"<p><span style=\"color: #005497;\">Jos\u00e9 Luis Monta\u00f1ez Aguilar<\/span><br \/>\n<br \/>\nLa autoridad electoral federal declar\u00f3 improcedente una medida cautelar contra un promocional en radio y televisi\u00f3n sobre entrega de computadoras y becas, difundidos por el gobierno del Estado de M\u00e9xico.<\/p>\n","protected":false},"author":3,"featured_media":325329,"comment_status":"open","ping_status":"open","sticky":false,"template":"","format":"standard","meta":{"_monsterinsights_skip_tracking":false,"_monsterinsights_sitenote_active":false,"_monsterinsights_sitenote_note":"","_monsterinsights_sitenote_category":0,"footnotes":""},"categories":[5],"tags":[13284,43704,43674],"class_list":["post-325209","post","type-post","status-publish","format-standard","has-post-thumbnail","hentry","category-estado-de-mexico","tag-arco-norte","tag-jose-luis-montanez-aguilar","tag-opinion"],"_links":{"self":[{"href":"https:\/\/www.diarioimagen.net\/index.php?rest_route=\/wp\/v2\/posts\/325209","targetHints":{"allow":["GET"]}}],"collection":[{"href":"https:\/\/www.diarioimagen.net\/index.php?rest_route=\/wp\/v2\/posts"}],"about":[{"href":"https:\/\/www.diarioimagen.net\/index.php?rest_route=\/wp\/v2\/types\/post"}],"author":[{"embeddable":true,"href":"https:\/\/www.diarioimagen.net\/index.php?rest_route=\/wp\/v2\/users\/3"}],"replies":[{"embeddable":true,"href":"https:\/\/www.diarioimagen.net\/index.php?rest_route=%2Fwp%2Fv2%2Fcomments&post=325209"}],"version-history":[{"count":0,"href":"https:\/\/www.diarioimagen.net\/index.php?rest_route=\/wp\/v2\/posts\/325209\/revisions"}],"wp:featuredmedia":[{"embeddable":true,"href":"https:\/\/www.diarioimagen.net\/index.php?rest_route=\/wp\/v2\/media\/325329"}],"wp:attachment":[{"href":"https:\/\/www.diarioimagen.net\/index.php?rest_route=%2Fwp%2Fv2%2Fmedia&parent=325209"}],"wp:term":[{"taxonomy":"category","embeddable":true,"href":"https:\/\/www.diarioimagen.net\/index.php?rest_route=%2Fwp%2Fv2%2Fcategories&post=325209"},{"taxonomy":"post_tag","embeddable":true,"href":"https:\/\/www.diarioimagen.net\/index.php?rest_route=%2Fwp%2Fv2%2Ftags&post=325209"}],"curies":[{"name":"wp","href":"https:\/\/api.w.org\/{rel}","templated":true}]}}