{"id":325407,"date":"2017-05-11T00:13:29","date_gmt":"2017-05-11T05:13:29","guid":{"rendered":"http:\/\/www.diarioimagen.net\/?p=325407"},"modified":"2017-05-10T23:50:32","modified_gmt":"2017-05-11T04:50:32","slug":"tres-muertos-y-7-heridos-por-volcadura-en-la-mexico-piramides","status":"publish","type":"post","link":"https:\/\/www.diarioimagen.net\/?p=325407","title":{"rendered":"Atiende la Cruz Roja a 12 paseantes lesionados"},"content":{"rendered":"<ul>\n<li><strong><em>En la camioneta viajaban 15 personas de Espa\u00f1a, Argentina, Chile, Uruguay y Brasil<\/em><\/strong><\/li>\n<\/ul>\n<p>&nbsp;<\/p>\n<div id=\"attachment_325408\" style=\"width: 470px\" class=\"wp-caption aligncenter\"><a href=\"http:\/\/www.diarioimagen.net\/?attachment_id=325408\" rel=\"attachment wp-att-325408\"><img loading=\"lazy\" decoding=\"async\" aria-describedby=\"caption-attachment-325408\" class=\"wp-image-325408 size-large\" src=\"http:\/\/www.diarioimagen.net\/wp-content\/uploads\/2017\/05\/1672632-1-portal-460x268.jpg\" alt=\"\" width=\"460\" height=\"268\" srcset=\"https:\/\/www.diarioimagen.net\/wp-content\/uploads\/2017\/05\/1672632-1-portal-460x268.jpg 460w, https:\/\/www.diarioimagen.net\/wp-content\/uploads\/2017\/05\/1672632-1-portal-240x140.jpg 240w, https:\/\/www.diarioimagen.net\/wp-content\/uploads\/2017\/05\/1672632-1-portal.jpg 480w\" sizes=\"auto, (max-width: 460px) 100vw, 460px\" \/><\/a><p id=\"caption-attachment-325408\" class=\"wp-caption-text\">El accidente en la autopista M\u00e9xico-Pir\u00e1mides, en Acolman, arroj\u00f3 un saldo de tres personas fallecidas y 12 lesionadas.<\/p><\/div>\n<p>&nbsp;<\/p>\n<p><strong>Acolman, Estado de M\u00e9xico<\/strong>.- La Delegaci\u00f3n Estado de M\u00e9xico de Cruz Roja Mexicana atendi\u00f3 a v\u00edctimas de un accidente por volcadura de una camioneta que trasladaba turistas de nacionalidad chilena, argentina, espa\u00f1ola, uruguaya y brasile\u00f1a en la zona arqueol\u00f3gica de Teotihuac\u00e1n, incidente ocurrido en la autopista M\u00e9xico-Pir\u00e1mides, en territorio municipal de Acolman, que arroj\u00f3 un saldo de tres personas fallecidas y 12 lesionadas.<\/p>\n<p>La unidad MEX-484 de Cruz Roja Mexicana, perteneciente a la Delegaci\u00f3n Local Teotihuacan, con tres t\u00e9cnicos en urgencias m\u00e9dicas a bordo, acudi\u00f3 a las 10:26 horas al lugar del incidente en apoyo del personal de Protecci\u00f3n Civil de los municipios de Acolman, San Mart\u00edn de las Pir\u00e1mides y Teotihuac\u00e1n que apoyaron a los lesionados.<\/p>\n<p>El personal de Cruz Roja Mexicana brind\u00f3 atenci\u00f3n prehospitalaria para estabilizar a las v\u00edctimas, y luego traslad\u00f3 a una de las lesionadas identificada como Lucy M\u00e9ndez Ram\u00edrez, de 61 a\u00f1os de edad, al hospital general de Axapusco, donde se le brinda atenci\u00f3n m\u00e9dica.<\/p>\n<p>En este accidente automovil\u00edstico resultaron tambi\u00e9n lesionados quienes fueron identificados como: Nora Guadalupe Sabat, de 64 a\u00f1os de edad, originaria de Argentina; Miguel Jos\u00e9 Fen\u00f3ble, de 66 a\u00f1os, de Argentina; Claudio Narwal Velarga, de 57 a\u00f1os, de Uruguay; Elo\u00edna Manzorra, de 66 a\u00f1os, de Espa\u00f1a; Griselda Long, de 60 a\u00f1os, de Argentina; Mar\u00eda Pilar Agud Cerrado, de 54 a\u00f1os, de Espa\u00f1a; Santiago Lantero Navarro, de 55 a\u00f1os, de Espa\u00f1a; Rub\u00e9n Loina, de 66 a\u00f1os, de Argentina, y Rosa Conti, de 66 a\u00f1os, tambi\u00e9n de Argentina.<\/p>\n<p>El veh\u00edculo implicado en este accidente fue una camioneta Mercedes Benz, tipo Sprinter, con matr\u00edcula de circulaci\u00f3n 09-RA-4B, con n\u00famero econ\u00f3mico S-382, de la empresa prestadora de servicios tur\u00edsticos Autotransportes Autotour, la cual era conducida por quien se identific\u00f3 como Silverio Lugo Vald\u00e9s, de 46 a\u00f1os de edad.<\/p>\n<p>&nbsp;<\/p>\n","protected":false},"excerpt":{"rendered":"<p>La Delegaci\u00f3n Estado de M\u00e9xico de Cruz Roja Mexicana atendi\u00f3 a v\u00edctimas de un accidente por volcadura de una camioneta que trasladaba turistas de nacionalidad chilena, argentina, espa\u00f1ola, uruguaya y brasile\u00f1a en la zona arqueol\u00f3gica de Teotihuac\u00e1n, incidente ocurrido en la autopista M\u00e9xico-Pir\u00e1mides, en territorio municipal de Acolman, que arroj\u00f3 un saldo de tres personas fallecidas y 12 lesionadas.<\/p>\n","protected":false},"author":5,"featured_media":325408,"comment_status":"open","ping_status":"open","sticky":false,"template":"","format":"standard","meta":{"_monsterinsights_skip_tracking":false,"_monsterinsights_sitenote_active":false,"_monsterinsights_sitenote_note":"","_monsterinsights_sitenote_category":0,"footnotes":""},"categories":[5],"tags":[47277,43675],"class_list":["post-325407","post","type-post","status-publish","format-standard","has-post-thumbnail","hentry","category-estado-de-mexico","tag-acolman","tag-estado-de-mexico"],"_links":{"self":[{"href":"https:\/\/www.diarioimagen.net\/index.php?rest_route=\/wp\/v2\/posts\/325407","targetHints":{"allow":["GET"]}}],"collection":[{"href":"https:\/\/www.diarioimagen.net\/index.php?rest_route=\/wp\/v2\/posts"}],"about":[{"href":"https:\/\/www.diarioimagen.net\/index.php?rest_route=\/wp\/v2\/types\/post"}],"author":[{"embeddable":true,"href":"https:\/\/www.diarioimagen.net\/index.php?rest_route=\/wp\/v2\/users\/5"}],"replies":[{"embeddable":true,"href":"https:\/\/www.diarioimagen.net\/index.php?rest_route=%2Fwp%2Fv2%2Fcomments&post=325407"}],"version-history":[{"count":0,"href":"https:\/\/www.diarioimagen.net\/index.php?rest_route=\/wp\/v2\/posts\/325407\/revisions"}],"wp:featuredmedia":[{"embeddable":true,"href":"https:\/\/www.diarioimagen.net\/index.php?rest_route=\/wp\/v2\/media\/325408"}],"wp:attachment":[{"href":"https:\/\/www.diarioimagen.net\/index.php?rest_route=%2Fwp%2Fv2%2Fmedia&parent=325407"}],"wp:term":[{"taxonomy":"category","embeddable":true,"href":"https:\/\/www.diarioimagen.net\/index.php?rest_route=%2Fwp%2Fv2%2Fcategories&post=325407"},{"taxonomy":"post_tag","embeddable":true,"href":"https:\/\/www.diarioimagen.net\/index.php?rest_route=%2Fwp%2Fv2%2Ftags&post=325407"}],"curies":[{"name":"wp","href":"https:\/\/api.w.org\/{rel}","templated":true}]}}