{"id":325446,"date":"2017-05-11T00:11:17","date_gmt":"2017-05-11T05:11:17","guid":{"rendered":"http:\/\/www.diarioimagen.net\/?p=325446"},"modified":"2017-05-12T00:11:03","modified_gmt":"2017-05-12T05:11:03","slug":"tercera-multa-del-tepjf-contra-delfina-por-actos-anticipados-de-campana","status":"publish","type":"post","link":"https:\/\/www.diarioimagen.net\/?p=325446","title":{"rendered":"Tercera multa del TEPJF contra Delfina por actos anticipados de campa\u00f1a"},"content":{"rendered":"<ul>\n<li><strong><em>Eventos realizados en Atlacomulco e Ixtlahuaca<\/em><\/strong><\/li>\n<\/ul>\n<h6>Jos\u00e9 Luis Monta\u00f1ez<\/h6>\n<p>&nbsp;<\/p>\n<div id=\"attachment_325594\" style=\"width: 470px\" class=\"wp-caption aligncenter\"><a href=\"http:\/\/www.diarioimagen.net\/?attachment_id=325594\" rel=\"attachment wp-att-325594\"><img loading=\"lazy\" decoding=\"async\" aria-describedby=\"caption-attachment-325594\" class=\"size-large wp-image-325594\" src=\"http:\/\/www.diarioimagen.net\/wp-content\/uploads\/2017\/05\/multa-delfina-3117-460x259.jpg\" alt=\"\" width=\"460\" height=\"259\" srcset=\"https:\/\/www.diarioimagen.net\/wp-content\/uploads\/2017\/05\/multa-delfina-3117-460x259.jpg 460w, https:\/\/www.diarioimagen.net\/wp-content\/uploads\/2017\/05\/multa-delfina-3117-240x135.jpg 240w, https:\/\/www.diarioimagen.net\/wp-content\/uploads\/2017\/05\/multa-delfina-3117-235x132.jpg 235w, https:\/\/www.diarioimagen.net\/wp-content\/uploads\/2017\/05\/multa-delfina-3117-202x114.jpg 202w, https:\/\/www.diarioimagen.net\/wp-content\/uploads\/2017\/05\/multa-delfina-3117-350x196.jpg 350w, https:\/\/www.diarioimagen.net\/wp-content\/uploads\/2017\/05\/multa-delfina-3117-220x123.jpg 220w, https:\/\/www.diarioimagen.net\/wp-content\/uploads\/2017\/05\/multa-delfina-3117-237x132.jpg 237w, https:\/\/www.diarioimagen.net\/wp-content\/uploads\/2017\/05\/multa-delfina-3117.jpg 480w\" sizes=\"auto, (max-width: 460px) 100vw, 460px\" \/><\/a><p id=\"caption-attachment-325594\" class=\"wp-caption-text\">Ratifican multa a la morenista Delfina G\u00f3mez por actos anticipados de campa\u00f1a.<\/p><\/div>\n<p>&nbsp;<\/p>\n<p>El Tribunal Electoral del Poder Judicial de la Federaci\u00f3n (TEPJF) confirm\u00f3 una tercera multa contra candidata de Morena al gobierno del Estado de M\u00e9xico, Delfina G\u00f3mez, al incurrir en actos anticipados de campa\u00f1a al organizar dos eventos en Atlacomulco e Ixtlahuaca.<\/p>\n<p>Al resolver el recurso SUP-JRC-131\/2017, promovido por la abanderada y Morena contra la sentencia emitida por el Tribunal Electoral del Estado de M\u00e9xico (TEEM), que ya los hab\u00eda sancionado por dichos eventos p\u00fablicos, el pleno determin\u00f3 que la normatividad electoral s\u00ed fue violada.<\/p>\n<p>Los magistrados consideraron, sin embargo, que la multa impuesta debe volver a calcularse es decir, reindividualizarse, debido a que no se acredit\u00f3 una reincidencia, como se establec\u00eda en la sentencia de la autoridad jurisdiccional local.<\/p>\n<p>El TEPJF tambi\u00e9n resolvi\u00f3 que el candidato del PRI, Alfredo Del Mazo, no es responsable de actos anticipados de campa\u00f1a por la difusi\u00f3n en YouTube de promos de campa\u00f1a en periodo de intercampa\u00f1a. La irregularidad no puede acreditarse a los denunciados, pues fueron difundidos en la p\u00e1gina \u201cde un tercero\u201d y no del PRI o de la coalici\u00f3n de PRI, PVEM, Panal, PES.<\/p>\n<p>&nbsp;<\/p>\n","protected":false},"excerpt":{"rendered":"<p><span style=\"color: #005497;\">Jos\u00e9 Luis Monta\u00f1ez<\/span><br \/>\n<br \/>\nEl Tribunal Electoral del Poder Judicial de la Federaci\u00f3n (TEPJF) confirm\u00f3 una tercera multa contra candidata de Morena al gobierno del Estado de M\u00e9xico, Delfina G\u00f3mez, al incurrir en actos anticipados de campa\u00f1a al organizar dos eventos en Atlacomulco e Ixtlahuaca.<\/p>\n","protected":false},"author":3,"featured_media":325594,"comment_status":"open","ping_status":"open","sticky":false,"template":"","format":"standard","meta":{"_monsterinsights_skip_tracking":false,"_monsterinsights_sitenote_active":false,"_monsterinsights_sitenote_note":"","_monsterinsights_sitenote_category":0,"footnotes":""},"categories":[5],"tags":[6185,57859,17847,4644],"class_list":["post-325446","post","type-post","status-publish","format-standard","has-post-thumbnail","hentry","category-estado-de-mexico","tag-campana","tag-delfina-gomez-alvarez","tag-multa","tag-tepjf"],"_links":{"self":[{"href":"https:\/\/www.diarioimagen.net\/index.php?rest_route=\/wp\/v2\/posts\/325446","targetHints":{"allow":["GET"]}}],"collection":[{"href":"https:\/\/www.diarioimagen.net\/index.php?rest_route=\/wp\/v2\/posts"}],"about":[{"href":"https:\/\/www.diarioimagen.net\/index.php?rest_route=\/wp\/v2\/types\/post"}],"author":[{"embeddable":true,"href":"https:\/\/www.diarioimagen.net\/index.php?rest_route=\/wp\/v2\/users\/3"}],"replies":[{"embeddable":true,"href":"https:\/\/www.diarioimagen.net\/index.php?rest_route=%2Fwp%2Fv2%2Fcomments&post=325446"}],"version-history":[{"count":0,"href":"https:\/\/www.diarioimagen.net\/index.php?rest_route=\/wp\/v2\/posts\/325446\/revisions"}],"wp:featuredmedia":[{"embeddable":true,"href":"https:\/\/www.diarioimagen.net\/index.php?rest_route=\/wp\/v2\/media\/325594"}],"wp:attachment":[{"href":"https:\/\/www.diarioimagen.net\/index.php?rest_route=%2Fwp%2Fv2%2Fmedia&parent=325446"}],"wp:term":[{"taxonomy":"category","embeddable":true,"href":"https:\/\/www.diarioimagen.net\/index.php?rest_route=%2Fwp%2Fv2%2Fcategories&post=325446"},{"taxonomy":"post_tag","embeddable":true,"href":"https:\/\/www.diarioimagen.net\/index.php?rest_route=%2Fwp%2Fv2%2Ftags&post=325446"}],"curies":[{"name":"wp","href":"https:\/\/api.w.org\/{rel}","templated":true}]}}