{"id":325453,"date":"2017-05-11T00:12:07","date_gmt":"2017-05-11T05:12:07","guid":{"rendered":"http:\/\/www.diarioimagen.net\/?p=325453"},"modified":"2017-05-11T02:42:57","modified_gmt":"2017-05-11T07:42:57","slug":"promueve-ieem-consulta-infantil-y-juvenil-2017","status":"publish","type":"post","link":"https:\/\/www.diarioimagen.net\/?p=325453","title":{"rendered":"Promueve IEEM Consulta Infantil y Juvenil 2017"},"content":{"rendered":"<h2>Arco Norte<\/h2>\n<h5>Jos\u00e9 Luis Monta\u00f1ez Aguilar<\/h5>\n<p>&nbsp;<\/p>\n<p><a href=\"http:\/\/www.diarioimagen.net\/?attachment_id=325552\" rel=\"attachment wp-att-325552\"><img loading=\"lazy\" decoding=\"async\" class=\"aligncenter size-large wp-image-325552\" src=\"http:\/\/www.diarioimagen.net\/wp-content\/uploads\/2017\/05\/arco-3117-460x342.jpg\" alt=\"\" width=\"460\" height=\"342\" srcset=\"https:\/\/www.diarioimagen.net\/wp-content\/uploads\/2017\/05\/arco-3117-460x342.jpg 460w, https:\/\/www.diarioimagen.net\/wp-content\/uploads\/2017\/05\/arco-3117-240x178.jpg 240w, https:\/\/www.diarioimagen.net\/wp-content\/uploads\/2017\/05\/arco-3117-768x570.jpg 768w, https:\/\/www.diarioimagen.net\/wp-content\/uploads\/2017\/05\/arco-3117.jpg 1200w\" sizes=\"auto, (max-width: 460px) 100vw, 460px\" \/><\/a><\/p>\n<p>&nbsp;<\/p>\n<p>Con la mirada puesta en fortalecer la pr\u00e1ctica de valores c\u00edvicos desde temprana edad, para construir una ciudadan\u00eda interesada en los asuntos p\u00fablicos y sentar nuevas bases que coadyuven a fortalecer nuestro r\u00e9gimen democr\u00e1tico hacia el futuro, el Instituto Electoral del Estado de M\u00e9xico (IEEM), llevar\u00e1 a cabo la Consulta Infantil y Juvenil 2017, apoy\u00e1ndose en la tecnolog\u00eda digital.<\/p>\n<p>Esta es una estrategia mediante la cual el IEEM se enlaza con la sociedad a trav\u00e9s de una consulta que permitir\u00e1 conocer la opini\u00f3n de ni\u00f1as, ni\u00f1os y adolescentes, sobre temas de educaci\u00f3n, salud, vida social y familiar, la cual se podr\u00e1 realizar mediante el uso de dispositivos electr\u00f3nicos, como un equipo de c\u00f3mputo o un dispositivo m\u00f3vil, el cual deber\u00e1 contar con conexi\u00f3n a Internet de manera ininterrumpida durante la aplicaci\u00f3n de la consulta.<\/p>\n<p>Para ello, se ha dise\u00f1ado una plataforma digital que se abrir\u00e1 en la p\u00e1gina electr\u00f3nica del IEEM (<a href=\"http:\/\/www.ieem.org.mx\" target=\"_blank\" rel=\"noopener noreferrer\">www.ieem.org.mx<\/a>) a partir de la 09:00 horas, del lunes 22 de mayo y cerrar\u00e1 a las 16:00 horas del pr\u00f3ximo s\u00e1bado 3 de junio. La consulta tambi\u00e9n se realizar\u00e1 en forma itinerante, con el apoyo de 40 equipos que, de lunes a viernes de las 09:00 a las 16:00 horas, recorrer\u00e1n instituciones educativas de diversos municipios y los fines de semana estar\u00e1n disponibles en espacios recreativos que tienen mayor afluencia de ni\u00f1as, ni\u00f1os y adolescentes en edad de participar.<\/p>\n<p>Los lugares donde se ubicar\u00e1n los m\u00f3dulos para la consulta, ser\u00e1n el Parque Ecol\u00f3gico Zacango, el Parque Naucalli, el embarcadero de Valle de Bravo, el Parque Acu\u00e1tico Ixtapan, el Centro Ceremonial Otom\u00ed, en la presa Mad\u00edn, en el Bioparque Estrella, el parque Bicentenario, Ciudad Deportiva de Nezahualc\u00f3yotl, entre otros.<\/p>\n<p>En esta tarea, las Juntas Distritales del IEEM, tambi\u00e9n tendr\u00e1n un espacio en donde se podr\u00e1 participar, ya que contar\u00e1n con un equipo para que las ni\u00f1as, los ni\u00f1os y adolescentes externen su opini\u00f3n sobre los temas propuestos; de la misma manera, la Junta Local del Instituto Nacional Electoral, dispondr\u00e1 equipo para ampliar los espacios de participaci\u00f3n para desarrollar esta actividad. La consulta permitir\u00e1 identificar percepciones, aptitudes, opiniones y necesidades que tienen las ni\u00f1as, ni\u00f1os y adolescentes sobre su entorno.<\/p>\n<p>Los resultados de este ejercicio se compartir\u00e1n con instancias gubernamentales como el Poder Ejecutivo estatal, Poder Legislativo, la Secretar\u00eda de Educaci\u00f3n, as\u00ed como al p\u00fablico en general, para que funcionen como un referente para la generaci\u00f3n de un marco de actuaci\u00f3n.<\/p>\n<p><em><a href=\"mailto:montanezaguilar@gmail.com\" target=\"_blank\" rel=\"noopener noreferrer\">montanezaguilar@gmail.com<\/a><\/em><\/p>\n","protected":false},"excerpt":{"rendered":"<p><span style=\"color: #005497;\">Jos\u00e9 Luis Monta\u00f1ez Aguilar<\/span><br \/>\n<br \/>\nCon la mirada puesta en fortalecer la pr\u00e1ctica de valores c\u00edvicos desde temprana edad, para construir una ciudadan\u00eda interesada en los asuntos p\u00fablicos y sentar nuevas bases que coadyuven a fortalecer nuestro r\u00e9gimen democr\u00e1tico hacia el futuro, el Instituto Electoral del Estado de M\u00e9xico (IEEM), llevar\u00e1 a cabo la Consulta Infantil y Juvenil 2017, apoy\u00e1ndose en la tecnolog\u00eda digital.<\/p>\n","protected":false},"author":3,"featured_media":325552,"comment_status":"open","ping_status":"open","sticky":false,"template":"","format":"standard","meta":{"_monsterinsights_skip_tracking":false,"_monsterinsights_sitenote_active":false,"_monsterinsights_sitenote_note":"","_monsterinsights_sitenote_category":0,"footnotes":""},"categories":[5],"tags":[13284,43704,43674],"class_list":["post-325453","post","type-post","status-publish","format-standard","has-post-thumbnail","hentry","category-estado-de-mexico","tag-arco-norte","tag-jose-luis-montanez-aguilar","tag-opinion"],"_links":{"self":[{"href":"https:\/\/www.diarioimagen.net\/index.php?rest_route=\/wp\/v2\/posts\/325453","targetHints":{"allow":["GET"]}}],"collection":[{"href":"https:\/\/www.diarioimagen.net\/index.php?rest_route=\/wp\/v2\/posts"}],"about":[{"href":"https:\/\/www.diarioimagen.net\/index.php?rest_route=\/wp\/v2\/types\/post"}],"author":[{"embeddable":true,"href":"https:\/\/www.diarioimagen.net\/index.php?rest_route=\/wp\/v2\/users\/3"}],"replies":[{"embeddable":true,"href":"https:\/\/www.diarioimagen.net\/index.php?rest_route=%2Fwp%2Fv2%2Fcomments&post=325453"}],"version-history":[{"count":0,"href":"https:\/\/www.diarioimagen.net\/index.php?rest_route=\/wp\/v2\/posts\/325453\/revisions"}],"wp:featuredmedia":[{"embeddable":true,"href":"https:\/\/www.diarioimagen.net\/index.php?rest_route=\/wp\/v2\/media\/325552"}],"wp:attachment":[{"href":"https:\/\/www.diarioimagen.net\/index.php?rest_route=%2Fwp%2Fv2%2Fmedia&parent=325453"}],"wp:term":[{"taxonomy":"category","embeddable":true,"href":"https:\/\/www.diarioimagen.net\/index.php?rest_route=%2Fwp%2Fv2%2Fcategories&post=325453"},{"taxonomy":"post_tag","embeddable":true,"href":"https:\/\/www.diarioimagen.net\/index.php?rest_route=%2Fwp%2Fv2%2Ftags&post=325453"}],"curies":[{"name":"wp","href":"https:\/\/api.w.org\/{rel}","templated":true}]}}