{"id":326081,"date":"2017-05-16T00:09:17","date_gmt":"2017-05-16T05:09:17","guid":{"rendered":"http:\/\/www.diarioimagen.net\/?p=326081"},"modified":"2017-05-16T23:34:29","modified_gmt":"2017-05-17T04:34:29","slug":"en-edomex-se-celebra-a-los-maestros-todo-el-ano-y-se-respetan-sus-conquistas-laborales","status":"publish","type":"post","link":"https:\/\/www.diarioimagen.net\/?p=326081","title":{"rendered":"En Edomex se celebra a los maestros todo el a\u00f1o y se respetan sus conquistas laborales"},"content":{"rendered":"<h6>Jos\u00e9 Luis Monta\u00f1ez<\/h6>\n<p>&nbsp;<\/p>\n<p><a href=\"http:\/\/www.diarioimagen.net\/?attachment_id=326188\" rel=\"attachment wp-att-326188\"><img loading=\"lazy\" decoding=\"async\" class=\"aligncenter size-large wp-image-326188\" src=\"http:\/\/www.diarioimagen.net\/wp-content\/uploads\/2017\/05\/eruviel-3120-460x259.jpg\" alt=\"\" width=\"460\" height=\"259\" srcset=\"https:\/\/www.diarioimagen.net\/wp-content\/uploads\/2017\/05\/eruviel-3120-460x259.jpg 460w, https:\/\/www.diarioimagen.net\/wp-content\/uploads\/2017\/05\/eruviel-3120-240x135.jpg 240w, https:\/\/www.diarioimagen.net\/wp-content\/uploads\/2017\/05\/eruviel-3120-235x132.jpg 235w, https:\/\/www.diarioimagen.net\/wp-content\/uploads\/2017\/05\/eruviel-3120-202x114.jpg 202w, https:\/\/www.diarioimagen.net\/wp-content\/uploads\/2017\/05\/eruviel-3120-350x196.jpg 350w, https:\/\/www.diarioimagen.net\/wp-content\/uploads\/2017\/05\/eruviel-3120-220x123.jpg 220w, https:\/\/www.diarioimagen.net\/wp-content\/uploads\/2017\/05\/eruviel-3120-237x132.jpg 237w, https:\/\/www.diarioimagen.net\/wp-content\/uploads\/2017\/05\/eruviel-3120.jpg 480w\" sizes=\"auto, (max-width: 460px) 100vw, 460px\" \/><\/a><\/p>\n<p>&nbsp;<\/p>\n<p><strong>Toluca, Estado de M\u00e9xico.- <\/strong>En el Estado de M\u00e9xico los 15 de mayo se celebran los 365 d\u00edas del a\u00f1o; respetando al magisterio, respetando sus conquistas laborales, trabajando y logrando para poder atender sus diferentes demandas, afirm\u00f3 el gobernador mexiquense durante la celebraci\u00f3n del D\u00eda del Maestro, donde inform\u00f3 que de acuerdo con el Consejo Nacional de Evaluaci\u00f3n de la Pol\u00edtica de Desarrollo Social (CONEVAL), en la entidad se han superado rezagos en materia educativa, como reducir los \u00edndices de reprobaci\u00f3n en primaria y secundaria, atender diferentes rubros en temas de carencia educativa y cobertura como en nivel primaria, donde se tiene casi el 100 por ciento, mientras que en educaci\u00f3n media superior se pas\u00f3 de 64 a 75 por ciento en la cobertura escolar, por lo que 360 mil estudiantes mexiquenses tiene acceso a educaci\u00f3n superior, mejorando la cobertura de hace algunos a\u00f1os.<\/p>\n","protected":false},"excerpt":{"rendered":"<p>En el Estado de M\u00e9xico los 15 de mayo se celebran los 365 d\u00edas del a\u00f1o; respetando al magisterio, respetando sus conquistas laborales, trabajando y logrando para poder atender sus diferentes demandas, afirm\u00f3 el gobernador mexiquense durante la celebraci\u00f3n del D\u00eda del Maestro, donde inform\u00f3 que de acuerdo con el Consejo Nacional de Evaluaci\u00f3n de la Pol\u00edtica de Desarrollo Social (CONEVAL).<\/p>\n","protected":false},"author":3,"featured_media":326188,"comment_status":"open","ping_status":"open","sticky":false,"template":"","format":"standard","meta":{"_monsterinsights_skip_tracking":false,"_monsterinsights_sitenote_active":false,"_monsterinsights_sitenote_note":"","_monsterinsights_sitenote_category":0,"footnotes":""},"categories":[5],"tags":[6451,43675,2574,452],"class_list":["post-326081","post","type-post","status-publish","format-standard","has-post-thumbnail","hentry","category-estado-de-mexico","tag-consejo-nacional-de-evaluacion-de-la-politica-de-desarrollo-social","tag-estado-de-mexico","tag-maestros","tag-toluca"],"_links":{"self":[{"href":"https:\/\/www.diarioimagen.net\/index.php?rest_route=\/wp\/v2\/posts\/326081","targetHints":{"allow":["GET"]}}],"collection":[{"href":"https:\/\/www.diarioimagen.net\/index.php?rest_route=\/wp\/v2\/posts"}],"about":[{"href":"https:\/\/www.diarioimagen.net\/index.php?rest_route=\/wp\/v2\/types\/post"}],"author":[{"embeddable":true,"href":"https:\/\/www.diarioimagen.net\/index.php?rest_route=\/wp\/v2\/users\/3"}],"replies":[{"embeddable":true,"href":"https:\/\/www.diarioimagen.net\/index.php?rest_route=%2Fwp%2Fv2%2Fcomments&post=326081"}],"version-history":[{"count":0,"href":"https:\/\/www.diarioimagen.net\/index.php?rest_route=\/wp\/v2\/posts\/326081\/revisions"}],"wp:featuredmedia":[{"embeddable":true,"href":"https:\/\/www.diarioimagen.net\/index.php?rest_route=\/wp\/v2\/media\/326188"}],"wp:attachment":[{"href":"https:\/\/www.diarioimagen.net\/index.php?rest_route=%2Fwp%2Fv2%2Fmedia&parent=326081"}],"wp:term":[{"taxonomy":"category","embeddable":true,"href":"https:\/\/www.diarioimagen.net\/index.php?rest_route=%2Fwp%2Fv2%2Fcategories&post=326081"},{"taxonomy":"post_tag","embeddable":true,"href":"https:\/\/www.diarioimagen.net\/index.php?rest_route=%2Fwp%2Fv2%2Ftags&post=326081"}],"curies":[{"name":"wp","href":"https:\/\/api.w.org\/{rel}","templated":true}]}}