{"id":326112,"date":"2017-05-16T00:05:40","date_gmt":"2017-05-16T05:05:40","guid":{"rendered":"http:\/\/www.diarioimagen.net\/?p=326112"},"modified":"2017-05-16T06:47:22","modified_gmt":"2017-05-16T11:47:22","slug":"ofrece-del-mazo-parque-industrial-y-otro-hospital-para-huehuetoca","status":"publish","type":"post","link":"https:\/\/www.diarioimagen.net\/?p=326112","title":{"rendered":"Ofrece Del Mazo parque industrial y otro hospital para Huehuetoca"},"content":{"rendered":"<ul>\n<li><strong><em>Impulso a la generaci\u00f3n de empleos<\/em><\/strong><\/li>\n<\/ul>\n<p>&nbsp;<\/p>\n<div id=\"attachment_326232\" style=\"width: 470px\" class=\"wp-caption aligncenter\"><a href=\"http:\/\/www.diarioimagen.net\/?attachment_id=326232\" rel=\"attachment wp-att-326232\"><img loading=\"lazy\" decoding=\"async\" aria-describedby=\"caption-attachment-326232\" class=\"size-large wp-image-326232\" src=\"http:\/\/www.diarioimagen.net\/wp-content\/uploads\/2017\/05\/DEL-MAZO-3120-460x259.jpg\" alt=\"\" width=\"460\" height=\"259\" srcset=\"https:\/\/www.diarioimagen.net\/wp-content\/uploads\/2017\/05\/DEL-MAZO-3120-460x259.jpg 460w, https:\/\/www.diarioimagen.net\/wp-content\/uploads\/2017\/05\/DEL-MAZO-3120-240x135.jpg 240w, https:\/\/www.diarioimagen.net\/wp-content\/uploads\/2017\/05\/DEL-MAZO-3120-235x132.jpg 235w, https:\/\/www.diarioimagen.net\/wp-content\/uploads\/2017\/05\/DEL-MAZO-3120-202x114.jpg 202w, https:\/\/www.diarioimagen.net\/wp-content\/uploads\/2017\/05\/DEL-MAZO-3120-350x196.jpg 350w, https:\/\/www.diarioimagen.net\/wp-content\/uploads\/2017\/05\/DEL-MAZO-3120-220x123.jpg 220w, https:\/\/www.diarioimagen.net\/wp-content\/uploads\/2017\/05\/DEL-MAZO-3120-237x132.jpg 237w, https:\/\/www.diarioimagen.net\/wp-content\/uploads\/2017\/05\/DEL-MAZO-3120.jpg 480w\" sizes=\"auto, (max-width: 460px) 100vw, 460px\" \/><\/a><p id=\"caption-attachment-326232\" class=\"wp-caption-text\">El candidato pri\u00edsta, Alfredo Del Mazo, anunci\u00f3 que en su gobierno construir\u00e1 un parque industrial y un hospital en Huehuetoca.<\/p><\/div>\n<p>&nbsp;<\/p>\n<p><strong>Huehuetoca, Estado de M\u00e9xico<\/strong>.- Para impulsar la generaci\u00f3n de empleos cerca de sus hogares, fomentar el crecimiento econ\u00f3mico de la regi\u00f3n, as\u00ed como cuidar la salud de los habitantes de esta zona, Alfredo Del Mazo, candidato de la coalici\u00f3n PRI, PVEM, Nueva Alianza y Encuentro Social al gobierno del Estado de M\u00e9xico, anunci\u00f3 que en su gobierno construir\u00e1 un parque industrial y un hospital en este municipio.<\/p>\n<p>Al acudir a un encuentro con vecinos de Huehuetoca, Del Mazo se\u00f1al\u00f3 que es necesario abrir oportunidades laborales a los j\u00f3venes, mujeres y hombres de esta regi\u00f3n, que est\u00e9n bien renumerados, pero, sobre todo, cerca de sus hogares, por ello, con el parque industrial se crear\u00e1n nuevos empleos y se atraer\u00e1 la inversi\u00f3n a esta zona.<\/p>\n<p>Tras comprometerse a que una vez ganando las elecciones el pr\u00f3ximo 4 de junio, har\u00e1 realidad la demanda de un nuevo hospital para Huehuetoca, el candidato de la coalici\u00f3n se\u00f1al\u00f3 que fortalecer\u00e1 el sistema de salud con cl\u00ednicas equipadas, con los m\u00e9dicos y los medicamentos necesarios y con atenci\u00f3n los siete d\u00edas de la semana.<\/p>\n<p>Tambi\u00e9n Del Mazo refiri\u00f3 que los programas que impulsar\u00e1 para las mujeres mexiquenses, como el de empleo para quienes tengan m\u00e1s de 50 a\u00f1os, as\u00ed como el de Salario Rosa para las amas de casa que lo necesiten, permitir\u00e1n ayudarles en su econom\u00eda.<\/p>\n<p>El candidato de la coalici\u00f3n record\u00f3 que proteger\u00e1 los derechos de la mujer para que se sientan m\u00e1s seguras a trav\u00e9s de acciones concretas como el transporte rosa y la prevenci\u00f3n de la violencia intrafamiliar.<\/p>\n<p>En este encuentro, Alfredo Del Mazo estuvo acompa\u00f1ado de los diputados federales Sandra M\u00e9ndez Hern\u00e1ndez, por el Distrito 8, Ra\u00fal Dom\u00ednguez Rex, del Distrito 2, as\u00ed como de la diputada local por el Distrito XXXVI, Mar\u00eda de Lourdes Montiel.<\/p>\n<p>&nbsp;<\/p>\n","protected":false},"excerpt":{"rendered":"<p>Para impulsar la generaci\u00f3n de empleos cerca de sus hogares, fomentar el crecimiento econ\u00f3mico de la regi\u00f3n, as\u00ed como cuidar la salud de los habitantes de esta zona, Alfredo Del Mazo, candidato de la coalici\u00f3n PRI, PVEM, Nueva Alianza y Encuentro Social al gobierno del Estado de M\u00e9xico, anunci\u00f3 que en su gobierno construir\u00e1 un parque industrial y un hospital en este municipio.<\/p>\n","protected":false},"author":3,"featured_media":326232,"comment_status":"open","ping_status":"open","sticky":false,"template":"","format":"standard","meta":{"_monsterinsights_skip_tracking":false,"_monsterinsights_sitenote_active":false,"_monsterinsights_sitenote_note":"","_monsterinsights_sitenote_category":0,"footnotes":""},"categories":[35155],"tags":[2505,43675,2772],"class_list":["post-326112","post","type-post","status-publish","format-standard","has-post-thumbnail","hentry","category-estado-de-mexico-estado-de-mexico","tag-alfredo-del-mazo-maza","tag-estado-de-mexico","tag-huehuetoca"],"_links":{"self":[{"href":"https:\/\/www.diarioimagen.net\/index.php?rest_route=\/wp\/v2\/posts\/326112","targetHints":{"allow":["GET"]}}],"collection":[{"href":"https:\/\/www.diarioimagen.net\/index.php?rest_route=\/wp\/v2\/posts"}],"about":[{"href":"https:\/\/www.diarioimagen.net\/index.php?rest_route=\/wp\/v2\/types\/post"}],"author":[{"embeddable":true,"href":"https:\/\/www.diarioimagen.net\/index.php?rest_route=\/wp\/v2\/users\/3"}],"replies":[{"embeddable":true,"href":"https:\/\/www.diarioimagen.net\/index.php?rest_route=%2Fwp%2Fv2%2Fcomments&post=326112"}],"version-history":[{"count":0,"href":"https:\/\/www.diarioimagen.net\/index.php?rest_route=\/wp\/v2\/posts\/326112\/revisions"}],"wp:featuredmedia":[{"embeddable":true,"href":"https:\/\/www.diarioimagen.net\/index.php?rest_route=\/wp\/v2\/media\/326232"}],"wp:attachment":[{"href":"https:\/\/www.diarioimagen.net\/index.php?rest_route=%2Fwp%2Fv2%2Fmedia&parent=326112"}],"wp:term":[{"taxonomy":"category","embeddable":true,"href":"https:\/\/www.diarioimagen.net\/index.php?rest_route=%2Fwp%2Fv2%2Fcategories&post=326112"},{"taxonomy":"post_tag","embeddable":true,"href":"https:\/\/www.diarioimagen.net\/index.php?rest_route=%2Fwp%2Fv2%2Ftags&post=326112"}],"curies":[{"name":"wp","href":"https:\/\/api.w.org\/{rel}","templated":true}]}}