{"id":326174,"date":"2017-05-16T00:05:31","date_gmt":"2017-05-16T05:05:31","guid":{"rendered":"http:\/\/www.diarioimagen.net\/?p=326174"},"modified":"2017-05-16T01:45:46","modified_gmt":"2017-05-16T06:45:46","slug":"alianza-gordillo-cnte","status":"publish","type":"post","link":"https:\/\/www.diarioimagen.net\/?p=326174","title":{"rendered":"Alianza Gordillo-CNTE"},"content":{"rendered":"<h2>Desde el portal<\/h2>\n<h5>\u00c1ngel Soriano<\/h5>\n<p>&nbsp;<\/p>\n<p>El D\u00eda del Maestro amaneci\u00f3 con la novedad de una alianza de una facci\u00f3n del SNTE y la CNTE en apoyo a la maestra Delfina G\u00f3mez, candidata de Morena a la gubernatura del Estado de M\u00e9xico, alianza que es -en opini\u00f3n del titular de la SEP, Aurelio Nu\u00f1o- \u201cuna visi\u00f3n muy antigua de la educaci\u00f3n; ven al maestro como sujeto de control pol\u00edtico y no como agente de cambio\u201d.<\/p>\n<p>Considerado clave para la sucesi\u00f3n presidencial del 2018, el Estado de M\u00e9xico entra ya de lleno en la lucha pol\u00edtica-electoral federal que se avecina; se trata de medir fuerzas y de ganar espacios.<\/p>\n<p>La curiosa coincidencia entre una candidatura de una t\u00edpica maestra mexicana a la gubernatura del metropolitano estado y dos facciones sindicales curtidas en estos menesteres, hace que el proceso electoral del 4 de junio se ponga al rojo vivo.<\/p>\n<p>Despu\u00e9s del Ej\u00e9rcito -respetado por el pueblo de M\u00e9xico-, quiz\u00e1 la otra fuerza m\u00e1s poderosa sea la del magisterio, no s\u00f3lo en n\u00famero, sino en formaci\u00f3n educativa y pol\u00edtica, en posici\u00f3n social e influencia en la sociedad; por ello es que se han enfrentado, y se enfrentan, al Estado mexicano y a la Reforma\u00a0 Educativa.<\/p>\n<p>Para julio, de acuerdo al mismo titular de la SEP, Aurelio Nu\u00f1o, todos los maestros ser\u00e1n evaluados; la reforma educativa avanza y ya ning\u00fan comisionado sindical le paga ya el gobierno; esto lo rechazan los que forman alianzas con fines pol\u00edticos: una facci\u00f3n del SNTE de la \u00bftodav\u00eda? poderosa Elba Esther Gordillo en apoyo a Morena aliada con la CNTE que la combati\u00f3. Se ver\u00e1 en 20 d\u00edas el resultado de esta suma de contrarios.<\/p>\n<p style=\"text-align: center;\"><strong>TURBULENCIAS<br \/>\nInvaluable aporte magisterial: AMH<\/strong><\/p>\n<p>El gobernador Alejandro Murat Hinojosa, al encabezar la celebraci\u00f3n del D\u00eda del Maestro acompa\u00f1ado de su esposa Ivette Mor\u00e1n, reconoci\u00f3 la invaluable aportaci\u00f3n y compromiso de las y los profesores para formar oaxaque\u00f1os comprometidos con el desarrollo de Oaxaca; entreg\u00f3 diplomas y medallas al m\u00e9rito\u00a0 docente a 6,114 maestros por 20, 30 y 40 a\u00f1os de servicio, y luego de felicitarlos, los exhort\u00f3 a corresponder con responsabilidad su vocaci\u00f3n de trabajar por la educaci\u00f3n y desarrollo de la ni\u00f1ez\u00a0 oaxaque\u00f1a. \u201cUstedes son el pilar de nuestra sociedad que diariamente acompa\u00f1a a nuestros y ni\u00f1os de Oaxaca para desarrollarse como personas cr\u00edticas, con principios, valores y compromisos\u201d, y\u00a0 reiter\u00f3 la disposici\u00f3n de su gobierno para trabajar en la generaci\u00f3n de mejores condiciones que permitan impartir\u00a0 una educaci\u00f3n de calidad y acorde a los tiempos que demanda la sociedad\u2026 El rector de la UAEM, Alfredo Barrera Baca, durante la celebraci\u00f3n del D\u00eda del Maestro ayer en Toluca, dijo que en la\u00a0 actualidad, es necesario exigir un mayor esfuerzo para ofrecer una educaci\u00f3n superior con opciones profesionales pertinentes a la \u00e9poca y al mercado laboral; ofrecer a los estudiantes la probabilidad real de\u00a0 tener un alto perfil competitivo, porque el pa\u00eds as\u00ed lo necesita para crecer y es tiempo de generar las condiciones \u00f3ptimas para el desarrollo de los cient\u00edficos, ingenieros y t\u00e9cnicos, y entreg\u00f3 el\u00a0 Reconocimiento FAAPAUAEM D\u00eda del Maestro a 44 acad\u00e9micos y 37 Notas Laudatorias\u2026El Presidente Enrique Pe\u00f1a Nieto censur\u00f3 el lamentable crimen del periodista Jes\u00fas Javier Valdez, ayer en Culiac\u00e1n, y dio instrucciones precisas para que la PGR, a trav\u00e9s de la Fiscal\u00eda de Atenci\u00f3n a Agresiones a Periodistas,\u00a0 atienda de inmediato este nuevo hecho que enluta al gremio period\u00edstico\u2026<\/p>\n<p><em><a href=\"http:\/\/www.revista-brecha.com\/\" target=\"_blank\" rel=\"noopener noreferrer\">www.revista-brecha.com<br \/>\n<\/a><a href=\"mailto:asorianodesdelportalo@hotmail.com\" target=\"_blank\" rel=\"noopener noreferrer\">asorianodesdelportalo@hotmail.com<\/a><\/em><\/p>\n","protected":false},"excerpt":{"rendered":"<p><span style=\"color: #005497;\"><strong>\u00c1ngel Soriano<\/strong><\/span><\/p>\n","protected":false},"author":3,"featured_media":0,"comment_status":"open","ping_status":"open","sticky":false,"template":"","format":"standard","meta":{"_monsterinsights_skip_tracking":false,"_monsterinsights_sitenote_active":false,"_monsterinsights_sitenote_note":"","_monsterinsights_sitenote_category":0,"footnotes":""},"categories":[135],"tags":[85,86,43674],"class_list":["post-326174","post","type-post","status-publish","format-standard","hentry","category-angel-soriano-opinion","tag-angel-soriano","tag-desde-el-portal","tag-opinion"],"_links":{"self":[{"href":"https:\/\/www.diarioimagen.net\/index.php?rest_route=\/wp\/v2\/posts\/326174","targetHints":{"allow":["GET"]}}],"collection":[{"href":"https:\/\/www.diarioimagen.net\/index.php?rest_route=\/wp\/v2\/posts"}],"about":[{"href":"https:\/\/www.diarioimagen.net\/index.php?rest_route=\/wp\/v2\/types\/post"}],"author":[{"embeddable":true,"href":"https:\/\/www.diarioimagen.net\/index.php?rest_route=\/wp\/v2\/users\/3"}],"replies":[{"embeddable":true,"href":"https:\/\/www.diarioimagen.net\/index.php?rest_route=%2Fwp%2Fv2%2Fcomments&post=326174"}],"version-history":[{"count":0,"href":"https:\/\/www.diarioimagen.net\/index.php?rest_route=\/wp\/v2\/posts\/326174\/revisions"}],"wp:attachment":[{"href":"https:\/\/www.diarioimagen.net\/index.php?rest_route=%2Fwp%2Fv2%2Fmedia&parent=326174"}],"wp:term":[{"taxonomy":"category","embeddable":true,"href":"https:\/\/www.diarioimagen.net\/index.php?rest_route=%2Fwp%2Fv2%2Fcategories&post=326174"},{"taxonomy":"post_tag","embeddable":true,"href":"https:\/\/www.diarioimagen.net\/index.php?rest_route=%2Fwp%2Fv2%2Ftags&post=326174"}],"curies":[{"name":"wp","href":"https:\/\/api.w.org\/{rel}","templated":true}]}}