{"id":326185,"date":"2017-05-16T00:01:29","date_gmt":"2017-05-16T05:01:29","guid":{"rendered":"http:\/\/www.diarioimagen.net\/?p=326185"},"modified":"2017-05-16T01:59:32","modified_gmt":"2017-05-16T06:59:32","slug":"la-delincuencia-en-la-partidocracia","status":"publish","type":"post","link":"https:\/\/www.diarioimagen.net\/?p=326185","title":{"rendered":"La delincuencia en la partidocracia"},"content":{"rendered":"<h2>De pe a pa<\/h2>\n<h5>Alberto Vieyra G.<\/h5>\n<p>&nbsp;<\/p>\n<p>\u00bfQu\u00e9 nos pasa a los mexicanos? El pan nuestro de cada d\u00eda, se han vuelto en la era de la econom\u00eda neoliberal, los esc\u00e1ndalos por corrupci\u00f3n protagonizados por pol\u00edticos, que van desde\u00a0 gobernadores, diputados, senadores y alcaldes, y el pueblo viendo el grotesco espect\u00e1culo que protagonizan los miembros de la partidocracia. \u00a1Pr\u00e1cticamente todos tienen cola que les pisen!\u00a0 \u00a1Nadie sale limpio!<\/p>\n<p>Todo est\u00e1 podrido en la partidocracia. Todos aplican la m\u00e1xima de \u201ctapaos los unos a los otros\u201d.<\/p>\n<p>\u00bfCu\u00e1nto tiempo m\u00e1s los mexicanos, soportaremos el robo de nuestros dineros p\u00fablicos y el ultraje a nuestra dignidad, am\u00e9n de la burla de nuestros votos depositados en las urnas?<\/p>\n<p>\u00bfCu\u00e1nto tiempo m\u00e1s toleraremos esa democracia que ha conformado el binomio pol\u00edticos-empresarios?<\/p>\n<p>Y es que mire usted.<\/p>\n<p>El juego electorero, aqu\u00ed y en China, pero fundamentalmente en otras naciones, se ha convertido en una vil simulaci\u00f3n y enga\u00f1o de las \u00e9lites pol\u00edticas y econ\u00f3micas poderosas, que son capaces de llevar al poder con\u00a0 dinero a delincuentes.<\/p>\n<p>Y ya en el ejercicio del poder se convierten en tiranos del pueblo, ech\u00e1ndose en brazos de otras mafias con el \u00fanico fin de conculcar el mayor dinero posible para resolver sus problemas econ\u00f3micos de por vida.<\/p>\n<p>\u00bfEjemplos? \u00a1Uff, hay para llenar libros y m\u00e1s libros del amarillismo pol\u00edtico! Es una epidemia de corrupci\u00f3n que est\u00e1 matando a M\u00e9xico.<\/p>\n<p>Tan s\u00f3lo en los \u00faltimos meses, testigos hemos sido de c\u00f3mo un pu\u00f1ado de gobernadores se han convertido en delincuentes, unos que han pisado la c\u00e1rcel como Guillermo Padr\u00e9s El\u00edas, del PAN, en Sonora, Javier Duarte, del PRI, en Veracruz, Tom\u00e1s Yarrington, de Tamauipas y otros pr\u00f3fugos de la justicia, entre ellos, Gabino Cu\u00e9 Monteagudo, depredador del erario en Oaxaca, C\u00e9sar Duarte Jaquez, de Chihuahua y otro que tiene asegurada una celda en alg\u00fan reclusorio para los delincuentes ilustres es el actual gobernador de Nayarit, Roberto Sandoval, tapadera de Ney Gonz\u00e1lez que dej\u00f3 a Nayarit en ceros.<\/p>\n<p>Y si el electorado en el Estado de M\u00e9xico no se gu\u00eda por el voto razonado y \u00e9tico, basado no en ideolog\u00edas partidistas, sino en el sentido com\u00fan; no en el inter\u00e9s individualista, sino en la dignidad colectiva, corre el peligro de llevar al poder a otra delincuente, Josefina Vazquez Mota del PAN, acusada junto con su familia de lavar dinero y de enriquecimiento il\u00edcito.<\/p>\n<p>\u00bfHasta cu\u00e1ndo el electorado tolerar\u00e1 m\u00e1s ultrajes a su dignidad y se dispondr\u00e1 a cambiar ese\u00a0 estado de cosas que exhiben M\u00e9xico como una de las naciones m\u00e1s corruptas?<\/p>\n<p><a href=\"mailto:%20%20info@agenciamn.com\" target=\"_blank\" rel=\"noopener noreferrer\"><em>info@agenciamn.com<\/em><\/a><\/p>\n","protected":false},"excerpt":{"rendered":"<p><span><span style=\"color: #005497;\"><strong>Alberto Vieyra G.<\/strong><\/span><\/span><\/p>\n","protected":false},"author":3,"featured_media":0,"comment_status":"open","ping_status":"open","sticky":false,"template":"","format":"standard","meta":{"_monsterinsights_skip_tracking":false,"_monsterinsights_sitenote_active":false,"_monsterinsights_sitenote_note":"","_monsterinsights_sitenote_category":0,"footnotes":""},"categories":[4596],"tags":[43697,4597,43674],"class_list":["post-326185","post","type-post","status-publish","format-standard","hentry","category-alberto-vieyra-g","tag-alberto-vieyra-g","tag-de-pe-a-pa","tag-opinion"],"_links":{"self":[{"href":"https:\/\/www.diarioimagen.net\/index.php?rest_route=\/wp\/v2\/posts\/326185","targetHints":{"allow":["GET"]}}],"collection":[{"href":"https:\/\/www.diarioimagen.net\/index.php?rest_route=\/wp\/v2\/posts"}],"about":[{"href":"https:\/\/www.diarioimagen.net\/index.php?rest_route=\/wp\/v2\/types\/post"}],"author":[{"embeddable":true,"href":"https:\/\/www.diarioimagen.net\/index.php?rest_route=\/wp\/v2\/users\/3"}],"replies":[{"embeddable":true,"href":"https:\/\/www.diarioimagen.net\/index.php?rest_route=%2Fwp%2Fv2%2Fcomments&post=326185"}],"version-history":[{"count":0,"href":"https:\/\/www.diarioimagen.net\/index.php?rest_route=\/wp\/v2\/posts\/326185\/revisions"}],"wp:attachment":[{"href":"https:\/\/www.diarioimagen.net\/index.php?rest_route=%2Fwp%2Fv2%2Fmedia&parent=326185"}],"wp:term":[{"taxonomy":"category","embeddable":true,"href":"https:\/\/www.diarioimagen.net\/index.php?rest_route=%2Fwp%2Fv2%2Fcategories&post=326185"},{"taxonomy":"post_tag","embeddable":true,"href":"https:\/\/www.diarioimagen.net\/index.php?rest_route=%2Fwp%2Fv2%2Ftags&post=326185"}],"curies":[{"name":"wp","href":"https:\/\/api.w.org\/{rel}","templated":true}]}}