{"id":326258,"date":"2017-05-17T00:05:38","date_gmt":"2017-05-17T05:05:38","guid":{"rendered":"http:\/\/www.diarioimagen.net\/?p=326258"},"modified":"2017-05-18T00:09:51","modified_gmt":"2017-05-18T05:09:51","slug":"fuerzas-federales-van-por-tequileros-y-la-familia-michoacana","status":"publish","type":"post","link":"https:\/\/www.diarioimagen.net\/?p=326258","title":{"rendered":"Van por l\u00edderes \u201cTequileros\u201d y de \u201cLa Familia Michoacana\u201d"},"content":{"rendered":"<ul>\n<li><em><strong>Operativo conjunto en Tierra Caliente<\/strong><\/em><\/li>\n<\/ul>\n<p>&nbsp;<\/p>\n<div id=\"attachment_326259\" style=\"width: 470px\" class=\"wp-caption aligncenter\"><a href=\"http:\/\/www.diarioimagen.net\/?attachment_id=326259\" rel=\"attachment wp-att-326259\"><img loading=\"lazy\" decoding=\"async\" aria-describedby=\"caption-attachment-326259\" class=\"wp-image-326259 size-large\" src=\"http:\/\/www.diarioimagen.net\/wp-content\/uploads\/2017\/05\/OPERATIVO17-portal-460x268.jpg\" alt=\"\" width=\"460\" height=\"268\" srcset=\"https:\/\/www.diarioimagen.net\/wp-content\/uploads\/2017\/05\/OPERATIVO17-portal-460x268.jpg 460w, https:\/\/www.diarioimagen.net\/wp-content\/uploads\/2017\/05\/OPERATIVO17-portal-240x140.jpg 240w, https:\/\/www.diarioimagen.net\/wp-content\/uploads\/2017\/05\/OPERATIVO17-portal.jpg 480w\" sizes=\"auto, (max-width: 460px) 100vw, 460px\" \/><\/a><p id=\"caption-attachment-326259\" class=\"wp-caption-text\">Inici\u00f3 un operativo en Tierra Caliente con el objetivo de capturar a Raybel Jacobo, l\u00edder de \u201cLos Tequileros\u201d, y Jhonny Oloscuaga, de \u201cLa Familia Michoacana\u201d.<\/p><\/div>\n<p>&nbsp;<\/p>\n<p>Fuerzas federales y polic\u00edas estatales desplegaron ayer martes un operativo en la regi\u00f3n de Tierra Caliente en Guerrero para combatir la delincuencia y disminuir la violencia.<\/p>\n<p>En la acci\u00f3n conjunta participan 250 agentes estatales, mil militares y 50 polic\u00edas ministeriales. El principal objetivo es la detenci\u00f3n de Raybel Jacobo, l\u00edder de \u201cLos Tequileros\u201d, y Jhonny Oloscuaga \u201cEl Pez\u201d, de \u201cLa Familia Michoacana\u201d.<\/p>\n<p>La primera fase consisti\u00f3 en el ingreso al municipio de San Miguel Totolapan.<\/p>\n<p style=\"text-align: center;\"><strong>Rechazo a bloqueos<\/strong><\/p>\n<p>Concesionarios del transporte p\u00fablico y paqueter\u00eda mantuvieron por cuatro d\u00edas suspendido el servicio a los usuarios para los nueve municipios de Tierra Caliente, debido a los bloqueos de carreteras.<\/p>\n<p>Los que resultaron m\u00e1s afectados fueron: Ajuchitl\u00e1n del Progreso, Arcelia, Coyuca de Catal\u00e1n, Cutzamala de Pinz\u00f3n, Pungarabato, San Miguel Totolapan, Tlalchapa, Tlapehuala y Zir\u00e1ndaro.<\/p>\n<p>Durante el fin de semana, grupos de civiles azuzados por los grupos criminales que operan en esa regi\u00f3n, incendiaron casi cien veh\u00edculos, entre de transporte, particulares y tr\u00e1ileres.<\/p>\n<p>El regidor perredista de Tlapehuala, David Calder\u00f3n, asegur\u00f3 que desde el lunes la situaci\u00f3n en este municipio se normaliz\u00f3 y la gente ya sali\u00f3 a las calles despu\u00e9s de tres d\u00edas de mantenerse encerrada.<\/p>\n<p>Se\u00f1al\u00f3 que debido a la suspensi\u00f3n del servicio de transporte por parte de las empresas Estrella de Oro y Estrella Blanca, la gente se traslad\u00f3 en taxis o bien en veh\u00edculos particulares.<\/p>\n<p>Seg\u00fan el vocero del Grupo de Coordinaci\u00f3n Guerrero, en los bloqueos que realiz\u00f3 la delincuencia organizada en diversas v\u00edas de Tierra Caliente, incendiaron 8 autobuses; 14 camionetas de 3.5 toneladas; un tr\u00e1iler; 4 camiones torton, una gr\u00faa y un veh\u00edculo particular.<\/p>\n<p>Tambi\u00e9n fueron encontrados abandonados 3 autobuses, 46 veh\u00edculos de pasajeros tipo Urvan, 38 taxis, 5 tr\u00e1ilers, 18 camionetas tipo trot\u00f3n cerradas que fueron utilizados por los delincuentes para realizar los bloqueos en la carreteras.<\/p>\n<p>Los concesionarios de las estaciones de gasolina negaron la venta del combustible a las fuerzas policiacas.<\/p>\n<p>En Arcelia donde se registraron con m\u00e1s intensidad los bloqueos en la v\u00eda federal que comunica a Ciudad Altamirano, la situaci\u00f3n se normaliz\u00f3 el lunes.<\/p>\n","protected":false},"excerpt":{"rendered":"<p>Fuerzas federales y polic\u00edas estatales desplegaron ayer martes un operativo en la regi\u00f3n de Tierra Caliente en Guerrero para combatir la delincuencia y disminuir la violencia.<\/p>\n","protected":false},"author":5,"featured_media":326259,"comment_status":"open","ping_status":"open","sticky":false,"template":"","format":"standard","meta":{"_monsterinsights_skip_tracking":false,"_monsterinsights_sitenote_active":false,"_monsterinsights_sitenote_note":"","_monsterinsights_sitenote_category":0,"footnotes":""},"categories":[7],"tags":[1661,43677,12958],"class_list":["post-326258","post","type-post","status-publish","format-standard","has-post-thumbnail","hentry","category-seguridad","tag-la-familia-michoacana","tag-seguridad","tag-tierra-caliente"],"_links":{"self":[{"href":"https:\/\/www.diarioimagen.net\/index.php?rest_route=\/wp\/v2\/posts\/326258","targetHints":{"allow":["GET"]}}],"collection":[{"href":"https:\/\/www.diarioimagen.net\/index.php?rest_route=\/wp\/v2\/posts"}],"about":[{"href":"https:\/\/www.diarioimagen.net\/index.php?rest_route=\/wp\/v2\/types\/post"}],"author":[{"embeddable":true,"href":"https:\/\/www.diarioimagen.net\/index.php?rest_route=\/wp\/v2\/users\/5"}],"replies":[{"embeddable":true,"href":"https:\/\/www.diarioimagen.net\/index.php?rest_route=%2Fwp%2Fv2%2Fcomments&post=326258"}],"version-history":[{"count":0,"href":"https:\/\/www.diarioimagen.net\/index.php?rest_route=\/wp\/v2\/posts\/326258\/revisions"}],"wp:featuredmedia":[{"embeddable":true,"href":"https:\/\/www.diarioimagen.net\/index.php?rest_route=\/wp\/v2\/media\/326259"}],"wp:attachment":[{"href":"https:\/\/www.diarioimagen.net\/index.php?rest_route=%2Fwp%2Fv2%2Fmedia&parent=326258"}],"wp:term":[{"taxonomy":"category","embeddable":true,"href":"https:\/\/www.diarioimagen.net\/index.php?rest_route=%2Fwp%2Fv2%2Fcategories&post=326258"},{"taxonomy":"post_tag","embeddable":true,"href":"https:\/\/www.diarioimagen.net\/index.php?rest_route=%2Fwp%2Fv2%2Ftags&post=326258"}],"curies":[{"name":"wp","href":"https:\/\/api.w.org\/{rel}","templated":true}]}}