{"id":326337,"date":"2017-05-17T00:04:16","date_gmt":"2017-05-17T05:04:16","guid":{"rendered":"http:\/\/www.diarioimagen.net\/?p=326337"},"modified":"2017-05-17T04:12:16","modified_gmt":"2017-05-17T09:12:16","slug":"localizan-a-tres-personas-reportadas-como-desaparecidas","status":"publish","type":"post","link":"https:\/\/www.diarioimagen.net\/?p=326337","title":{"rendered":"Localizan a tres personas reportadas como desaparecidas"},"content":{"rendered":"<ul>\n<li><strong><em>Una jovencita fue ubicada en Oaxaca<\/em><\/strong><\/li>\n<\/ul>\n<p>&nbsp;<\/p>\n<div id=\"attachment_326445\" style=\"width: 470px\" class=\"wp-caption aligncenter\"><a href=\"http:\/\/www.diarioimagen.net\/?attachment_id=326445\" rel=\"attachment wp-att-326445\"><img loading=\"lazy\" decoding=\"async\" aria-describedby=\"caption-attachment-326445\" class=\"size-large wp-image-326445\" src=\"http:\/\/www.diarioimagen.net\/wp-content\/uploads\/2017\/05\/desaparecidos-3121-460x259.jpg\" alt=\"\" width=\"460\" height=\"259\" srcset=\"https:\/\/www.diarioimagen.net\/wp-content\/uploads\/2017\/05\/desaparecidos-3121-460x259.jpg 460w, https:\/\/www.diarioimagen.net\/wp-content\/uploads\/2017\/05\/desaparecidos-3121-240x135.jpg 240w, https:\/\/www.diarioimagen.net\/wp-content\/uploads\/2017\/05\/desaparecidos-3121-235x132.jpg 235w, https:\/\/www.diarioimagen.net\/wp-content\/uploads\/2017\/05\/desaparecidos-3121-202x114.jpg 202w, https:\/\/www.diarioimagen.net\/wp-content\/uploads\/2017\/05\/desaparecidos-3121-350x196.jpg 350w, https:\/\/www.diarioimagen.net\/wp-content\/uploads\/2017\/05\/desaparecidos-3121-220x123.jpg 220w, https:\/\/www.diarioimagen.net\/wp-content\/uploads\/2017\/05\/desaparecidos-3121-237x132.jpg 237w, https:\/\/www.diarioimagen.net\/wp-content\/uploads\/2017\/05\/desaparecidos-3121.jpg 480w\" sizes=\"auto, (max-width: 460px) 100vw, 460px\" \/><\/a><p id=\"caption-attachment-326445\" class=\"wp-caption-text\">Los tres reportados como desaparecidos se encuentran en buen estado de salud, reporta la la Fiscal\u00eda General de Justicia del Estado de M\u00e9xico.<\/p><\/div>\n<p>&nbsp;<\/p>\n<p><strong>Toluca, Estado de M\u00e9xico<\/strong>.- Priscila Guadalupe Espinoza Ramiro, de 16 a\u00f1os de edad, Andrea Isabel Hern\u00e1ndez Hern\u00e1ndez, de 12 a\u00f1os, y Michel Sol\u00eds Gonz\u00e1lez, de 9 a\u00f1os, quienes fueron reportados como no localizados en el Estado de M\u00e9xico e integrados al programa Alerta Amber, ya fueron hallados, inform\u00f3 la Fiscal\u00eda General de Justicia del Estado de M\u00e9xico (FGJEM).<\/p>\n<p>Respecto a Priscila Guadalupe, fue localizada el estado de Oaxaca; dijo que sali\u00f3 de su hogar por voluntad propia y se fue a vivir al domicilio de su novio, situado en esa entidad, debido a que se encuentra embarazada. Mientras que Andrea Isabel fue encontrada en las instalaciones del DIF de Cuautitl\u00e1n, gracias a la difusi\u00f3n de c\u00e9dula de la Alerta Amber emitida por su desaparici\u00f3n; el Ministerio P\u00fablico para la Atenci\u00f3n de Ni\u00f1os, Adolescentes y Exp\u00f3sitos de Tlalnepantla, la canaliz\u00f3 al albergue infantil de Naucalpan, ya que la menor sufre violencia familiar, adem\u00e1s de que habr\u00e1 de determinar su situaci\u00f3n legal.<\/p>\n<p>&nbsp;<\/p>\n","protected":false},"excerpt":{"rendered":"<p>Priscila Guadalupe Espinoza Ramiro, de 16 a\u00f1os de edad, Andrea Isabel Hern\u00e1ndez Hern\u00e1ndez, de 12 a\u00f1os, y Michel Sol\u00eds Gonz\u00e1lez, de 9 a\u00f1os, quienes fueron reportados como no localizados en el Estado de M\u00e9xico e integrados al programa Alerta Amber, ya fueron hallados, inform\u00f3 la Fiscal\u00eda General de Justicia del Estado de M\u00e9xico (FGJEM).<\/p>\n","protected":false},"author":3,"featured_media":326445,"comment_status":"open","ping_status":"open","sticky":false,"template":"","format":"standard","meta":{"_monsterinsights_skip_tracking":false,"_monsterinsights_sitenote_active":false,"_monsterinsights_sitenote_note":"","_monsterinsights_sitenote_category":0,"footnotes":""},"categories":[35155],"tags":[43675,56576,452],"class_list":["post-326337","post","type-post","status-publish","format-standard","has-post-thumbnail","hentry","category-estado-de-mexico-estado-de-mexico","tag-estado-de-mexico","tag-fiscalia-general-de-justicia-del-estado-de-mexico","tag-toluca"],"_links":{"self":[{"href":"https:\/\/www.diarioimagen.net\/index.php?rest_route=\/wp\/v2\/posts\/326337","targetHints":{"allow":["GET"]}}],"collection":[{"href":"https:\/\/www.diarioimagen.net\/index.php?rest_route=\/wp\/v2\/posts"}],"about":[{"href":"https:\/\/www.diarioimagen.net\/index.php?rest_route=\/wp\/v2\/types\/post"}],"author":[{"embeddable":true,"href":"https:\/\/www.diarioimagen.net\/index.php?rest_route=\/wp\/v2\/users\/3"}],"replies":[{"embeddable":true,"href":"https:\/\/www.diarioimagen.net\/index.php?rest_route=%2Fwp%2Fv2%2Fcomments&post=326337"}],"version-history":[{"count":0,"href":"https:\/\/www.diarioimagen.net\/index.php?rest_route=\/wp\/v2\/posts\/326337\/revisions"}],"wp:featuredmedia":[{"embeddable":true,"href":"https:\/\/www.diarioimagen.net\/index.php?rest_route=\/wp\/v2\/media\/326445"}],"wp:attachment":[{"href":"https:\/\/www.diarioimagen.net\/index.php?rest_route=%2Fwp%2Fv2%2Fmedia&parent=326337"}],"wp:term":[{"taxonomy":"category","embeddable":true,"href":"https:\/\/www.diarioimagen.net\/index.php?rest_route=%2Fwp%2Fv2%2Fcategories&post=326337"},{"taxonomy":"post_tag","embeddable":true,"href":"https:\/\/www.diarioimagen.net\/index.php?rest_route=%2Fwp%2Fv2%2Ftags&post=326337"}],"curies":[{"name":"wp","href":"https:\/\/api.w.org\/{rel}","templated":true}]}}