{"id":326339,"date":"2017-05-17T00:03:23","date_gmt":"2017-05-17T05:03:23","guid":{"rendered":"http:\/\/www.diarioimagen.net\/?p=326339"},"modified":"2017-05-17T04:22:49","modified_gmt":"2017-05-17T09:22:49","slug":"detienen-a-4-individuos-sospechosos-les-decomisan-inhalantes-y-un-bate","status":"publish","type":"post","link":"https:\/\/www.diarioimagen.net\/?p=326339","title":{"rendered":"Detienen a 4 individuos sospechosos; les decomisan inhalantes y un bate"},"content":{"rendered":"<ul>\n<li><strong><em>Persecuci\u00f3n sobre avenida Quintana Roo<\/em><\/strong><\/li>\n<\/ul>\n<p>&nbsp;<\/p>\n<div id=\"attachment_326451\" style=\"width: 470px\" class=\"wp-caption aligncenter\"><a href=\"http:\/\/www.diarioimagen.net\/?attachment_id=326451\" rel=\"attachment wp-att-326451\"><img loading=\"lazy\" decoding=\"async\" aria-describedby=\"caption-attachment-326451\" class=\"size-large wp-image-326451\" src=\"http:\/\/www.diarioimagen.net\/wp-content\/uploads\/2017\/05\/TULTITLAN-3121-460x259.jpg\" alt=\"\" width=\"460\" height=\"259\" srcset=\"https:\/\/www.diarioimagen.net\/wp-content\/uploads\/2017\/05\/TULTITLAN-3121-460x259.jpg 460w, https:\/\/www.diarioimagen.net\/wp-content\/uploads\/2017\/05\/TULTITLAN-3121-240x135.jpg 240w, https:\/\/www.diarioimagen.net\/wp-content\/uploads\/2017\/05\/TULTITLAN-3121-235x132.jpg 235w, https:\/\/www.diarioimagen.net\/wp-content\/uploads\/2017\/05\/TULTITLAN-3121-202x114.jpg 202w, https:\/\/www.diarioimagen.net\/wp-content\/uploads\/2017\/05\/TULTITLAN-3121-350x196.jpg 350w, https:\/\/www.diarioimagen.net\/wp-content\/uploads\/2017\/05\/TULTITLAN-3121-220x123.jpg 220w, https:\/\/www.diarioimagen.net\/wp-content\/uploads\/2017\/05\/TULTITLAN-3121-237x132.jpg 237w, https:\/\/www.diarioimagen.net\/wp-content\/uploads\/2017\/05\/TULTITLAN-3121.jpg 480w\" sizes=\"auto, (max-width: 460px) 100vw, 460px\" \/><\/a><p id=\"caption-attachment-326451\" class=\"wp-caption-text\">El autom\u00f3vil donde se dieron a la fuga los cuatro sospechosos se impact\u00f3 con una camioneta estacionada y contra una barda.<\/p><\/div>\n<p>&nbsp;<\/p>\n<p><strong>Tultitl\u00e1n, Estado de M\u00e9xico<\/strong>.- Durante un recorrido de rutina, elementos de Seguridad P\u00fablica\u00a0 detuvieron a cuatro sujetos que iban a bordo de un veh\u00edculo Contour color vino, que al momento de percatarse de la unidad de polic\u00edas se quisieron dar a la fuga, por lo que se desat\u00f3 una persecuci\u00f3n.<\/p>\n<p>Polic\u00edas que estaban en turno, se\u00f1alaron que iban transitando sobre la avenida Quintana Roo mediante un recorrido de rutina y al momento de que se percatan de que iba circulando un veh\u00edculo sospechoso con 4 personas a bordo, por lo que al momento de acercarse, el auto inmediatamente se dio a la fuga y se dio una persecuci\u00f3n y finalmente el auto se impact\u00f3 contra una camioneta estacionada y contra una barda, ocasionando da\u00f1os severos.<\/p>\n<p>Al arribar se percataron que dentro del veh\u00edculo que impact\u00f3 a la camioneta iban a bordo 4 personas de las cuales 2 son menores de edad, a quienes se les encontraron varias botellas de activo (inhalantes), un bate y una gorra con el Escudo Nacional, al parecer de polic\u00eda, por lo que fueron puestos a disposici\u00f3n del Ministerio P\u00fablico para determinar su situaci\u00f3n jur\u00eddica.<\/p>\n<p>De igual manera, dicho impacto tambi\u00e9n ocasion\u00f3 el da\u00f1o a un domicilio ubicado en avenida Quintana Roo, esquina con Vicente Guerrero.<\/p>\n<p>Cabe destacar que dichos delincuentes ya est\u00e1n puestos a disposici\u00f3n del Ministerio P\u00fablico por cometer da\u00f1os considerables a la barda de un domicilio y portaci\u00f3n de activos, ya que 3 de los 4 tripulantes se encontraban drogados.<\/p>\n<p>Finalmente, la Direcci\u00f3n de Seguridad P\u00fablica indic\u00f3 que no bajar\u00e1n la guardia en realizar m\u00e1s operativos, ya que se han obtenido resultados favorables y con esto se busca generar m\u00e1s confianza entre la ciudadan\u00eda y autoridades.<\/p>\n<p>&nbsp;<\/p>\n","protected":false},"excerpt":{"rendered":"<p>Durante un recorrido de rutina, elementos de Seguridad P\u00fablica  detuvieron a cuatro sujetos que iban a bordo de un veh\u00edculo Contour color vino, que al momento de percatarse de la unidad de polic\u00edas se quisieron dar a la fuga, por lo que se desat\u00f3 una persecuci\u00f3n.<\/p>\n","protected":false},"author":3,"featured_media":326451,"comment_status":"open","ping_status":"open","sticky":false,"template":"","format":"standard","meta":{"_monsterinsights_skip_tracking":false,"_monsterinsights_sitenote_active":false,"_monsterinsights_sitenote_note":"","_monsterinsights_sitenote_category":0,"footnotes":""},"categories":[35155],"tags":[9665,43675,578],"class_list":["post-326339","post","type-post","status-publish","format-standard","has-post-thumbnail","hentry","category-estado-de-mexico-estado-de-mexico","tag-detienen","tag-estado-de-mexico","tag-tultitlan"],"_links":{"self":[{"href":"https:\/\/www.diarioimagen.net\/index.php?rest_route=\/wp\/v2\/posts\/326339","targetHints":{"allow":["GET"]}}],"collection":[{"href":"https:\/\/www.diarioimagen.net\/index.php?rest_route=\/wp\/v2\/posts"}],"about":[{"href":"https:\/\/www.diarioimagen.net\/index.php?rest_route=\/wp\/v2\/types\/post"}],"author":[{"embeddable":true,"href":"https:\/\/www.diarioimagen.net\/index.php?rest_route=\/wp\/v2\/users\/3"}],"replies":[{"embeddable":true,"href":"https:\/\/www.diarioimagen.net\/index.php?rest_route=%2Fwp%2Fv2%2Fcomments&post=326339"}],"version-history":[{"count":0,"href":"https:\/\/www.diarioimagen.net\/index.php?rest_route=\/wp\/v2\/posts\/326339\/revisions"}],"wp:featuredmedia":[{"embeddable":true,"href":"https:\/\/www.diarioimagen.net\/index.php?rest_route=\/wp\/v2\/media\/326451"}],"wp:attachment":[{"href":"https:\/\/www.diarioimagen.net\/index.php?rest_route=%2Fwp%2Fv2%2Fmedia&parent=326339"}],"wp:term":[{"taxonomy":"category","embeddable":true,"href":"https:\/\/www.diarioimagen.net\/index.php?rest_route=%2Fwp%2Fv2%2Fcategories&post=326339"},{"taxonomy":"post_tag","embeddable":true,"href":"https:\/\/www.diarioimagen.net\/index.php?rest_route=%2Fwp%2Fv2%2Ftags&post=326339"}],"curies":[{"name":"wp","href":"https:\/\/api.w.org\/{rel}","templated":true}]}}