{"id":326351,"date":"2017-05-17T00:02:05","date_gmt":"2017-05-17T05:02:05","guid":{"rendered":"http:\/\/www.diarioimagen.net\/?p=326351"},"modified":"2017-05-17T04:28:00","modified_gmt":"2017-05-17T09:28:00","slug":"en-coacalco-el-mejor-taekwondoin-de-mexico","status":"publish","type":"post","link":"https:\/\/www.diarioimagen.net\/?p=326351","title":{"rendered":"En Coacalco, el mejor taekwondo\u00edn de M\u00e9xico"},"content":{"rendered":"<p><a href=\"http:\/\/www.diarioimagen.net\/?attachment_id=326455\" rel=\"attachment wp-att-326455\"><img loading=\"lazy\" decoding=\"async\" class=\"aligncenter size-large wp-image-326455\" src=\"http:\/\/www.diarioimagen.net\/wp-content\/uploads\/2017\/05\/COACALCO-thumb-3121-460x259.jpg\" alt=\"\" width=\"460\" height=\"259\" srcset=\"https:\/\/www.diarioimagen.net\/wp-content\/uploads\/2017\/05\/COACALCO-thumb-3121-460x259.jpg 460w, https:\/\/www.diarioimagen.net\/wp-content\/uploads\/2017\/05\/COACALCO-thumb-3121-240x135.jpg 240w, https:\/\/www.diarioimagen.net\/wp-content\/uploads\/2017\/05\/COACALCO-thumb-3121-235x132.jpg 235w, https:\/\/www.diarioimagen.net\/wp-content\/uploads\/2017\/05\/COACALCO-thumb-3121-202x114.jpg 202w, https:\/\/www.diarioimagen.net\/wp-content\/uploads\/2017\/05\/COACALCO-thumb-3121-350x196.jpg 350w, https:\/\/www.diarioimagen.net\/wp-content\/uploads\/2017\/05\/COACALCO-thumb-3121-220x123.jpg 220w, https:\/\/www.diarioimagen.net\/wp-content\/uploads\/2017\/05\/COACALCO-thumb-3121-237x132.jpg 237w, https:\/\/www.diarioimagen.net\/wp-content\/uploads\/2017\/05\/COACALCO-thumb-3121.jpg 480w\" sizes=\"auto, (max-width: 460px) 100vw, 460px\" \/><\/a><\/p>\n<p>&nbsp;<\/p>\n<p><strong>Coacalco, Estado de M\u00e9xico.-<\/strong> Un adolecente de 12 a\u00f1os es el primer rankeado a nivel nacional, ocupa el tercer lugar en el Panamericano de su categor\u00eda y va al Mundial de Taekwondo en Australia como Seleccionado Nacional de M\u00e9xico. Nacido en Villa de la Flores, Axel Jared Ortega Salazar, es el competidor infantil de taekwondo de mayor nivel y de mayor futuro del pa\u00eds.<\/p>\n<p>Y es que el peque\u00f1o de apenas 12 a\u00f1os de edad, triunfa \u00a0en cuanto torneo a participado a nivel municipal, estatal, nacional e internacional.<\/p>\n<p>&nbsp;<\/p>\n<p>&nbsp;<\/p>\n<p>&nbsp;<\/p>\n<p>&nbsp;<\/p>\n<p>&nbsp;<\/p>\n","protected":false},"excerpt":{"rendered":"<p>Un adolecente de 12 a\u00f1os es el primer rankeado a nivel nacional, ocupa el tercer lugar en el Panamericano de su categor\u00eda y va al Mundial de Taekwondo en Australia como Seleccionado Nacional de M\u00e9xico. Nacido en Villa de la Flores, Axel Jared Ortega Salazar, es el competidor infantil de taekwondo de mayor nivel y de mayor futuro del pa\u00eds.<\/p>\n","protected":false},"author":3,"featured_media":326455,"comment_status":"open","ping_status":"open","sticky":false,"template":"","format":"standard","meta":{"_monsterinsights_skip_tracking":false,"_monsterinsights_sitenote_active":false,"_monsterinsights_sitenote_note":"","_monsterinsights_sitenote_category":0,"footnotes":""},"categories":[35155],"tags":[579,43675,44],"class_list":["post-326351","post","type-post","status-publish","format-standard","has-post-thumbnail","hentry","category-estado-de-mexico-estado-de-mexico","tag-coacalco","tag-estado-de-mexico","tag-mexico"],"_links":{"self":[{"href":"https:\/\/www.diarioimagen.net\/index.php?rest_route=\/wp\/v2\/posts\/326351","targetHints":{"allow":["GET"]}}],"collection":[{"href":"https:\/\/www.diarioimagen.net\/index.php?rest_route=\/wp\/v2\/posts"}],"about":[{"href":"https:\/\/www.diarioimagen.net\/index.php?rest_route=\/wp\/v2\/types\/post"}],"author":[{"embeddable":true,"href":"https:\/\/www.diarioimagen.net\/index.php?rest_route=\/wp\/v2\/users\/3"}],"replies":[{"embeddable":true,"href":"https:\/\/www.diarioimagen.net\/index.php?rest_route=%2Fwp%2Fv2%2Fcomments&post=326351"}],"version-history":[{"count":0,"href":"https:\/\/www.diarioimagen.net\/index.php?rest_route=\/wp\/v2\/posts\/326351\/revisions"}],"wp:featuredmedia":[{"embeddable":true,"href":"https:\/\/www.diarioimagen.net\/index.php?rest_route=\/wp\/v2\/media\/326455"}],"wp:attachment":[{"href":"https:\/\/www.diarioimagen.net\/index.php?rest_route=%2Fwp%2Fv2%2Fmedia&parent=326351"}],"wp:term":[{"taxonomy":"category","embeddable":true,"href":"https:\/\/www.diarioimagen.net\/index.php?rest_route=%2Fwp%2Fv2%2Fcategories&post=326351"},{"taxonomy":"post_tag","embeddable":true,"href":"https:\/\/www.diarioimagen.net\/index.php?rest_route=%2Fwp%2Fv2%2Ftags&post=326351"}],"curies":[{"name":"wp","href":"https:\/\/api.w.org\/{rel}","templated":true}]}}