{"id":326388,"date":"2017-05-17T00:03:05","date_gmt":"2017-05-17T05:03:05","guid":{"rendered":"http:\/\/www.diarioimagen.net\/?p=326388"},"modified":"2017-05-17T01:38:02","modified_gmt":"2017-05-17T06:38:02","slug":"mexico-barbaro","status":"publish","type":"post","link":"https:\/\/www.diarioimagen.net\/?p=326388","title":{"rendered":"M\u00e9xico b\u00e1rbaro"},"content":{"rendered":"<h2>De pe a pa<\/h2>\n<h5>Alberto Vieyra G.<\/h5>\n<p>&nbsp;<\/p>\n<p>All\u00e1 por 1909, el periodista norteamericano, John Keneth Turner, popularizar\u00eda una serie de art\u00edculos publicados en revistas, que con el t\u00edtulo de <em>M\u00e9xico b\u00e1rbaro<\/em> escribi\u00f3 para retratar la esclavitud y explotaci\u00f3n laboral tolerada por la dictadura porfirista.<\/p>\n<p>M\u00e1s de un siglo despu\u00e9s, retomo el t\u00edtulo para ejemplificar la barbarie que impera en la naci\u00f3n azteca en la era del criminal modelo econ\u00f3mico neoliberal, que arroja ej\u00e9rcitos de miseria, unas cuantas comaladas de ricos y terribles malformaciones sociales que han convertido al M\u00e9xico de hoy en una naci\u00f3n morbosa, dentro de un Estado fallido y un gobierno in\u00fatil.<\/p>\n<p>El crimen es el prian nuestro de cada d\u00eda. #NosEst\u00e1nMatando y nadie hace nada. M\u00e9xico no tiene gobierno ni imperio de la ley.<\/p>\n<p>No me cansar\u00e9 de decirlo, vivimos en un Estado fallido. Las mafias se encuentran en todas partes.<\/p>\n<p>No sabemos d\u00f3nde comienzan las mafias y d\u00f3nde termina el Estado, o donde comienza el Estado y donde terminan las mafias.<\/p>\n<p>A los periodistas se les asesina s\u00f3lo por ejercer a plenitud la libertad de expresi\u00f3n.<\/p>\n<p>\u00bfQui\u00e9n va a escribir ahora del M\u00e9xico b\u00e1rbaro de las mafias, si pr\u00e1cticamente casi todos los d\u00edas asesinan cobardemente a los periodistas valientes que ejercemos a plenitud la libertad de expresi\u00f3n para denunciar la podredumbre de esas malformaciones sociales?<\/p>\n<p>Felizmente, este \u00e1tomo de la comunicaci\u00f3n salv\u00f3 el pellejo en el 2010, pues el r\u00e9gimen de Felipe Calder\u00f3n Hinojosa s\u00f3lo se conform\u00f3 con que me corrieran de la chamba donde llevaba 24 a\u00f1os, pero en la mayor\u00eda de los casos que se ejerce a plenitud la libre expresi\u00f3n, m\u00e1s temprano que tarde, los periodistas nos tenemos que atener a las consecuencias.<\/p>\n<p>\u00bfPor qu\u00e9 se mata a los periodistas en M\u00e9xico?<\/p>\n<p>Pues porque se puede, no hay gobierno, s\u00f3lo impunidad. Vivimos bajo un silencio ensordecedor. Nadie investiga.<\/p>\n<p>\u201cA Miroslava la mataron por lengua larga.<\/p>\n<p>Que nos maten a todos, si esa es la condena de muerte por reportear este infierno. No al silencio\u201d.<\/p>\n<p>Ser\u00eda la memorable frase de Jes\u00fas Javier Valdez C\u00e1rdenas, una vaca sagrada del periodismo mexicano, acallada por la cobard\u00eda de las balas del narcotr\u00e1fico en su natal Culiac\u00e1n, Sinaloa. Digamos que Javier Valdez era la biblia del periodismo dedicado a la investigaci\u00f3n de las mafias del narcocrimen.<\/p>\n<p>Era un periodista con muchas cosas de var\u00f3n.<\/p>\n<p>El inquilino de Los Pinos\u00a0\u00a0 ofreci\u00f3 condolencias al gremio period\u00edstico de M\u00e9xico y a la familia del comunicador.<\/p>\n<p>\u00a1Se\u00f1or Presidente \u00a1Ejerza su autoridad y pare esa masacre!<\/p>\n<p>Ponga fin a esas malditas p\u00e1ginas que son el macabro paisaje cotidiano de M\u00e9xico, de otro modo el juicio de la historia y de mi gremio ser\u00e1 implacable con usted.<\/p>\n<p>Mi modesto homenaje a Javier Valdez, es en medio de esta democracia podrida, en \u00e9ste M\u00e9xico b\u00e1rbaro y con un gobierno fallido, hablar sin rodeos hasta el d\u00eda que el alma me suene.<\/p>\n<p>\u201cLos periodistas que quieran morir de hambre, que callen o hablen con lisonjas, los periodistas valientes que defiendan la libertad y defiendan al pueblo, que mueran con el pecho ancho ante las balas\u2026\u201d. #NosEst\u00e1nMatando y nadie hace nada.<\/p>\n<p><a href=\"mailto:%20%20info@agenciamn.com\" target=\"_blank\" rel=\"noopener noreferrer\"><em>info@agenciamn.com<\/em><\/a><\/p>\n","protected":false},"excerpt":{"rendered":"<p><span><span style=\"color: #005497;\"><strong>Alberto Vieyra G.<\/strong><\/span><\/span><\/p>\n","protected":false},"author":3,"featured_media":0,"comment_status":"open","ping_status":"open","sticky":false,"template":"","format":"standard","meta":{"_monsterinsights_skip_tracking":false,"_monsterinsights_sitenote_active":false,"_monsterinsights_sitenote_note":"","_monsterinsights_sitenote_category":0,"footnotes":""},"categories":[4596],"tags":[43697,4597,43674],"class_list":["post-326388","post","type-post","status-publish","format-standard","hentry","category-alberto-vieyra-g","tag-alberto-vieyra-g","tag-de-pe-a-pa","tag-opinion"],"_links":{"self":[{"href":"https:\/\/www.diarioimagen.net\/index.php?rest_route=\/wp\/v2\/posts\/326388","targetHints":{"allow":["GET"]}}],"collection":[{"href":"https:\/\/www.diarioimagen.net\/index.php?rest_route=\/wp\/v2\/posts"}],"about":[{"href":"https:\/\/www.diarioimagen.net\/index.php?rest_route=\/wp\/v2\/types\/post"}],"author":[{"embeddable":true,"href":"https:\/\/www.diarioimagen.net\/index.php?rest_route=\/wp\/v2\/users\/3"}],"replies":[{"embeddable":true,"href":"https:\/\/www.diarioimagen.net\/index.php?rest_route=%2Fwp%2Fv2%2Fcomments&post=326388"}],"version-history":[{"count":0,"href":"https:\/\/www.diarioimagen.net\/index.php?rest_route=\/wp\/v2\/posts\/326388\/revisions"}],"wp:attachment":[{"href":"https:\/\/www.diarioimagen.net\/index.php?rest_route=%2Fwp%2Fv2%2Fmedia&parent=326388"}],"wp:term":[{"taxonomy":"category","embeddable":true,"href":"https:\/\/www.diarioimagen.net\/index.php?rest_route=%2Fwp%2Fv2%2Fcategories&post=326388"},{"taxonomy":"post_tag","embeddable":true,"href":"https:\/\/www.diarioimagen.net\/index.php?rest_route=%2Fwp%2Fv2%2Ftags&post=326388"}],"curies":[{"name":"wp","href":"https:\/\/api.w.org\/{rel}","templated":true}]}}